{"id":31904,"date":"2025-08-16T14:13:13","date_gmt":"2025-08-16T14:13:13","guid":{"rendered":"https:\/\/www.europesays.com\/pt\/31904\/"},"modified":"2025-08-16T14:13:13","modified_gmt":"2025-08-16T14:13:13","slug":"poucos-sabem-mas-esse-e-o-grande-sucesso-de-madonna-que-a-faz-revirar-os-olhos","status":"publish","type":"post","link":"https:\/\/www.europesays.com\/pt\/31904\/","title":{"rendered":"poucos sabem, mas esse \u00e9 o grande sucesso de Madonna que a faz revirar os olhos"},"content":{"rendered":"<p>\n                        \u00cdcone dos anos 80, m\u00fasica ajudou a moldar sua imagem, mas se tornou um peso para a cantora. Entenda:\n                    <\/p>\n<p><img loading=\"lazy\" decoding=\"async\" alt=\"Nem \u2018Like a Virgin\u2019, nem \u2018Vogue\u2019: poucos sabem, mas esse \u00e9 o grande sucesso de Madonna que a faz revirar os olhos.\" class=\"img-db68857795a5b43056dfb76f82f3b09do03zji2v\" height=\"455\" src=\"https:\/\/www.europesays.com\/pt\/wp-content\/uploads\/2025\/08\/1700566415-aec8f5f198586c64-1400x823-1.png\"  title=\"Nem \u2018Like a Virgin\u2019, nem \u2018Vogue\u2019: poucos sabem, mas esse \u00e9 o grande sucesso de Madonna que a faz revirar os olhos.\" width=\"774\"\/><\/p>\n<p>Nem \u2018Like a Virgin\u2019, nem \u2018Vogue\u2019: poucos sabem, mas esse \u00e9 o grande sucesso de Madonna que a faz revirar os olhos.<\/p>\n<p>Foto: Getty Images \/ Purepeople<\/p>\n<p class=\"text\">Quando se fala em <a href=\"https:\/\/www.purepeople.com.br\/famosos\/madonna_p47\" rel=\"nofollow noopener\" target=\"_blank\"><strong>Madonna<\/strong><\/a>, <a href=\"https:\/\/www.purepeople.com.br\/noticia\/qual-e-o-perfume-da-madonna-truth-or-dare-e-a-primeira-fragrancia-da-cantora-e-ajudou-cantora-a-aumentar-fortuna-bilionaria-veja-detalhes_a391117\/1\" rel=\"nofollow noopener\" target=\"_blank\">\u00e9 imposs\u00edvel n\u00e3o lembrar de alguns de seus maiores sucessos<\/a> &#8211; <strong>&#8220;Like a Virgin&#8221;<\/strong>, <strong>&#8220;Vogue&#8221;<\/strong>, <strong>&#8220;Like a Prayer&#8221;<\/strong>. Mas existe um hit que, embora <a href=\"https:\/\/www.purepeople.com.br\/noticia\/madonna-e-clicada-por-terry-richardson-como-dominatrix-e-fala-de-jogo-sexual_a10971\/1\" rel=\"nofollow noopener\" target=\"_blank\">tenha ajudado a consolidar sua imagem nos anos 80<\/a>, se transformou em algo que <a href=\"https:\/\/www.purepeople.com.br\/noticia\/quanto-custou-o-uso-de-direitos-autorais-para-o-show-da-madonna-rainha-do-pop-pode-ter-desembolsado-mais-de-r-1-milhao_a391405\/1\" rel=\"nofollow noopener\" target=\"_blank\">a pr\u00f3pria Rainha do Pop<\/a> prefere esquecer: <strong>&#8220;Material Girl&#8221;<\/strong>. Eita!<\/p>\n<p>\n  Por que Madonna detesta &#8216;Material Girl&#8217;?\n<\/p>\n<p class=\"text\">Lan\u00e7ada em 1984 como o segundo single do \u00e1lbum &#8220;Like a Virgin&#8221;, <a href=\"https:\/\/www.purepeople.com.br\/noticia\/atriz-porno-andressa-urach-anuncia-carreira-como-cantora-de-funk-e-lanca-musica-sobre-sexo_a409173\/1\" rel=\"nofollow noopener\" target=\"_blank\">a can\u00e7\u00e3o explodiu nas paradas<\/a> e alcan\u00e7ou a segunda posi\u00e7\u00e3o da Billboard em apenas um m\u00eas. Seu videoclipe, inspirado em <strong>Marilyn Monroe <\/strong>no filme &#8220;Os Homens Preferem as Loira&#8221;s (1953), virou refer\u00eancia pop, com <a href=\"https:\/\/www.terra.com.br\/tudo-sobre\/madonna\" target=\"_self\" rel=\"nofollow noopener\">Madonna<\/a> usando um vestido rosa-choque e joias brilhantes.<\/p>\n<p class=\"text\">O problema \u00e9 que, ao longo do tempo, o brilho do hit se transformou em inc\u00f4modo para a pr\u00f3pria artista&#8230; &#8220;N\u00e3o posso desprezar completamente a m\u00fasica e o videoclipe, porque certamente foram importantes para minha carreira. Mas, a m\u00eddia se apegou a uma frase e tamb\u00e9m interpretou mal a coisa toda. Eu n\u00e3o escrevi essa m\u00fasica e o v\u00eddeo era sobre como a garota recusou diamantes e dinheiro. Mas a ironia n\u00e3o foi compreendida. Ent\u00e3o, quando eu tiver 90 anos, ainda serei a &#8216;material girl'&#8221;, disse ela em entrevista ao livro &#8220;Madonna: Uma Biografia \u00cdntima&#8221;, recuperada pelo site CheatSheet.<\/p>\n<p>\n  &#8216;Nunca mais quero ouvir essa can\u00e7\u00e3o&#8217;\n<\/p>\n<p class=\"text\">Para a revista US Weekly, publicada em 2015, Madonna foi direta: &#8220;Minha m\u00fasica favorita \u00e9 &#8216;Bitch, I&#8217;m Madonna&#8217;. E a que eu menos gosto \u00e9 &#8216;Material Girl&#8217;, nunca mais quero ouvir essa can\u00e7\u00e3o&#8221;. O ran\u00e7o \u00e9 forte&#8230;<\/p>\n<p class=\"text\"><a href=\"https:\/\/www.purepeople.com.br\/noticia\/madonna-idade-aos-66-anos-nao-gosta-de-material-girl-um-de-seus-maiores-sucessos-e-quase-ninguem-sabe-disso_a410352\/1\" rel=\"nofollow noopener\" target=\"_blank\">Veja mais<\/a><\/p>\n<p class=\"text\"><b>Mat\u00e9rias relacionadas<\/b><\/p>\n<p class=\"text\"><a href=\"https:\/\/www.purepeople.com.br\/noticia\/morte-tragica-e-precoce-do-irmao-e-perda-do-pai-claudia-rodrigues-encarou-forte-drama-na-vida-pessoal-em-3-anos_a407795\/1\" rel=\"nofollow noopener\" target=\"_blank\">Poucos sabem, mas Cl\u00e1udia Rodrigues enfrentou duas grandes trag\u00e9dias familiares, com triste fatalidade e grave doen\u00e7a, em 3 anos<\/a><\/p>\n<p class=\"text\"><a href=\"https:\/\/www.purepeople.com.br\/noticia\/apos-separacao-com-virginia-fonseca-ze-felipe-faz-mudanca-radical_a407930\/1\" rel=\"nofollow noopener\" target=\"_blank\">Z\u00e9 Felipe faz mudan\u00e7a radical ap\u00f3s se separar de Virg\u00ednia Fonseca: &#8216;Fica um pouco com preconceito, mas&#8230;&#8217;<\/a><\/p>\n<p class=\"text\"><a href=\"https:\/\/www.purepeople.com.br\/noticia\/musica-de-francisco-cuoco-bem-antes-da-morte-aos-91-anos-ator-gravou-disco-cantando-roberto-carlos-e-cd-com-oracoes-catolicas_a408400\/1\" rel=\"nofollow noopener\" target=\"_blank\">Poucos sabem, mas Francisco Cuoco gravou um CD religioso e disco com m\u00fasicas de grande nome da MPB<\/a><\/p>\n<p class=\"text\"><a href=\"https:\/\/www.purepeople.com.br\/noticia\/carlo-ancelotti-poucos-sabem-mas-tecnico-da-selecao-brasileira-faz-dieta-com-apenas-1-refeicao-no-dia-engordou-e-fez-mal-aos-joelhos_a407849\/1\" rel=\"nofollow noopener\" target=\"_blank\">Nem caf\u00e9 da manh\u00e3, nem almo\u00e7o: poucos sabem, mas Ancelotti, t\u00e9cnico do Brasil, faz dieta com apenas 1 refei\u00e7\u00e3o no dia. &#8216;Engordou e fez mal aos joelhos&#8217;<\/a><\/p>\n<p class=\"text\"><a href=\"https:\/\/www.purepeople.com.br\/noticia\/virginia-grande-rio-apos-anuncio-da-famosa-como-rainha-de-bateria-escola-anuncia-primeiro-evento-e-web-reage-vai-azedar-entenda-polemica_a407479\/1\" rel=\"nofollow noopener\" target=\"_blank\">&#8216;Vai azedar&#8230;&#8217;: Ap\u00f3s an\u00fancio de Virginia Fonseca como rainha de bateria da Grande Rio, escola divulga primeiro evento e web faz duras cr\u00edticas<\/a><\/p>\n","protected":false},"excerpt":{"rendered":"\u00cdcone dos anos 80, m\u00fasica ajudou a moldar sua imagem, mas se tornou um peso para a cantora.&hellip;\n","protected":false},"author":2,"featured_media":31905,"comment_status":"","ping_status":"","sticky":false,"template":"","format":"standard","meta":{"footnotes":""},"categories":[141],"tags":[114,115,149,150,32,33],"class_list":{"0":"post-31904","1":"post","2":"type-post","3":"status-publish","4":"format-standard","5":"has-post-thumbnail","7":"category-musica","8":"tag-entertainment","9":"tag-entretenimento","10":"tag-music","11":"tag-musica","12":"tag-portugal","13":"tag-pt"},"share_on_mastodon":{"url":"","error":""},"_links":{"self":[{"href":"https:\/\/www.europesays.com\/pt\/wp-json\/wp\/v2\/posts\/31904","targetHints":{"allow":["GET"]}}],"collection":[{"href":"https:\/\/www.europesays.com\/pt\/wp-json\/wp\/v2\/posts"}],"about":[{"href":"https:\/\/www.europesays.com\/pt\/wp-json\/wp\/v2\/types\/post"}],"author":[{"embeddable":true,"href":"https:\/\/www.europesays.com\/pt\/wp-json\/wp\/v2\/users\/2"}],"replies":[{"embeddable":true,"href":"https:\/\/www.europesays.com\/pt\/wp-json\/wp\/v2\/comments?post=31904"}],"version-history":[{"count":0,"href":"https:\/\/www.europesays.com\/pt\/wp-json\/wp\/v2\/posts\/31904\/revisions"}],"wp:featuredmedia":[{"embeddable":true,"href":"https:\/\/www.europesays.com\/pt\/wp-json\/wp\/v2\/media\/31905"}],"wp:attachment":[{"href":"https:\/\/www.europesays.com\/pt\/wp-json\/wp\/v2\/media?parent=31904"}],"wp:term":[{"taxonomy":"category","embeddable":true,"href":"https:\/\/www.europesays.com\/pt\/wp-json\/wp\/v2\/categories?post=31904"},{"taxonomy":"post_tag","embeddable":true,"href":"https:\/\/www.europesays.com\/pt\/wp-json\/wp\/v2\/tags?post=31904"}],"curies":[{"name":"wp","href":"https:\/\/api.w.org\/{rel}","templated":true}]}}