{"id":31914,"date":"2025-08-16T14:20:07","date_gmt":"2025-08-16T14:20:07","guid":{"rendered":"https:\/\/www.europesays.com\/pt\/31914\/"},"modified":"2025-08-16T14:20:07","modified_gmt":"2025-08-16T14:20:07","slug":"washington-propoe-a-kiev-garantias-de-seguranca-similares-as-da-nato","status":"publish","type":"post","link":"https:\/\/www.europesays.com\/pt\/31914\/","title":{"rendered":"Washington prop\u00f5e a Kiev garantias de seguran\u00e7a similares \u00e0s da NATO"},"content":{"rendered":"<p>        \u201cComo uma das garantias de seguran\u00e7a para a Ucr\u00e2nia, a parte americana prop\u00f4s uma garantia de tipo artigo 5, fora da NATO, com o acordo pr\u00e9vio de (Vladimir) Putin\u201d, indicou a fonte que pediu anonimato.    <\/p>\n<p>Os Estados Unidos propuseram \u00e0 Ucr\u00e2nia garantias de seguran\u00e7a semelhantes \u00e0s oferecidas aos pa\u00edses da NATO, mas sem incluir a ades\u00e3o formal \u00e0 Alian\u00e7a, revelou uma fonte diplom\u00e1tica \u00e0 AFP.<\/p>\n<p class=\"text-paragraph\">\u201cComo uma das garantias de seguran\u00e7a para a Ucr\u00e2nia, a parte americana prop\u00f4s uma garantia de tipo artigo 5, fora da NATO, com o acordo pr\u00e9vio de (Vladimir) Putin\u201d, indicou a fonte que pediu anonimato.<\/p>\n<p class=\"text-paragraph\">A mesma fonte acrescentou que a proposta foi feita a Kiev no s\u00e1bado, durante a chamada telef\u00f3nica entre Donald Trump e Volodymyr Zelensky, e \u201creiterada\u201d posteriormente no telefonema com l\u00edderes europeus.<\/p>\n<p class=\"text-paragraph\">A proposta surge ap\u00f3s a cimeira realizada na passada sexta-feira no Alasca entre Donald Trump e o presidente russo, Vladimir Putin, que terminou sem an\u00fancios concretos sobre a resolu\u00e7\u00e3o da guerra, mas abriu a porta a novos contactos diplom\u00e1ticos.<\/p>\n<p class=\"text-paragraph\">Nesse enquadramento, est\u00e1 marcada para segunda-feira uma reuni\u00e3o em Washington entre Trump e o presidente ucraniano, Volodymyr Zelensky, para discutir estas garantias e outras medidas de seguran\u00e7a.<\/p>\n<p class=\"text-paragraph\">O primeiro-ministro brit\u00e2nico, Keir Starmer, destacou hoje \u201cos esfor\u00e7os\u201d de Trump para o fim da guerra na Ucr\u00e2nia. Ao mesmo tempo, o presidente franc\u00eas, Emmanuel Macron, alertou para os riscos de incumprimento por parte do Kremlin, sublinhando a \u201cpropens\u00e3o\u201d da R\u00fassia a n\u00e3o cumprir os seus compromissos, e apelou para que a \u201cpress\u00e3o\u201d sobre Moscovo seja mantida enquanto n\u00e3o houver uma paz duradoura.<\/p>\n<p class=\"text-paragraph\">As posi\u00e7\u00f5es de Londres e Paris refletem a preocupa\u00e7\u00e3o europeia com a seguran\u00e7a da Ucr\u00e2nia, num momento em que Kiev procura refor\u00e7ar garantias junto dos aliados ocidentais, face aos avan\u00e7os russos no terreno.<\/p>\n","protected":false},"excerpt":{"rendered":"\u201cComo uma das garantias de seguran\u00e7a para a Ucr\u00e2nia, a parte americana prop\u00f4s uma garantia de tipo artigo&hellip;\n","protected":false},"author":2,"featured_media":31915,"comment_status":"","ping_status":"","sticky":false,"template":"","format":"standard","meta":{"footnotes":""},"categories":[50],"tags":[27,28,637,15,16,830,14,25,26,21,22,62,12,13,19,20,52,23,24,17,18,29,30,31,63,64,65],"class_list":{"0":"post-31914","1":"post","2":"type-post","3":"status-publish","4":"format-standard","5":"has-post-thumbnail","7":"category-mundo","8":"tag-breaking-news","9":"tag-breakingnews","10":"tag-diplomacia","11":"tag-featured-news","12":"tag-featurednews","13":"tag-guerra","14":"tag-headlines","15":"tag-latest-news","16":"tag-latestnews","17":"tag-main-news","18":"tag-mainnews","19":"tag-mundo","20":"tag-news","21":"tag-noticias","22":"tag-noticias-principais","23":"tag-noticiasprincipais","24":"tag-politica","25":"tag-principais-noticias","26":"tag-principaisnoticias","27":"tag-top-stories","28":"tag-topstories","29":"tag-ultimas","30":"tag-ultimas-noticias","31":"tag-ultimasnoticias","32":"tag-world","33":"tag-world-news","34":"tag-worldnews"},"share_on_mastodon":{"url":"","error":""},"_links":{"self":[{"href":"https:\/\/www.europesays.com\/pt\/wp-json\/wp\/v2\/posts\/31914","targetHints":{"allow":["GET"]}}],"collection":[{"href":"https:\/\/www.europesays.com\/pt\/wp-json\/wp\/v2\/posts"}],"about":[{"href":"https:\/\/www.europesays.com\/pt\/wp-json\/wp\/v2\/types\/post"}],"author":[{"embeddable":true,"href":"https:\/\/www.europesays.com\/pt\/wp-json\/wp\/v2\/users\/2"}],"replies":[{"embeddable":true,"href":"https:\/\/www.europesays.com\/pt\/wp-json\/wp\/v2\/comments?post=31914"}],"version-history":[{"count":0,"href":"https:\/\/www.europesays.com\/pt\/wp-json\/wp\/v2\/posts\/31914\/revisions"}],"wp:featuredmedia":[{"embeddable":true,"href":"https:\/\/www.europesays.com\/pt\/wp-json\/wp\/v2\/media\/31915"}],"wp:attachment":[{"href":"https:\/\/www.europesays.com\/pt\/wp-json\/wp\/v2\/media?parent=31914"}],"wp:term":[{"taxonomy":"category","embeddable":true,"href":"https:\/\/www.europesays.com\/pt\/wp-json\/wp\/v2\/categories?post=31914"},{"taxonomy":"post_tag","embeddable":true,"href":"https:\/\/www.europesays.com\/pt\/wp-json\/wp\/v2\/tags?post=31914"}],"curies":[{"name":"wp","href":"https:\/\/api.w.org\/{rel}","templated":true}]}}