{"id":31934,"date":"2025-08-16T14:43:10","date_gmt":"2025-08-16T14:43:10","guid":{"rendered":"https:\/\/www.europesays.com\/pt\/31934\/"},"modified":"2025-08-16T14:43:10","modified_gmt":"2025-08-16T14:43:10","slug":"antony-convence-o-manchester-united-e-e-liberado-para-jogar-em-clube-verde-com-uma-condicao","status":"publish","type":"post","link":"https:\/\/www.europesays.com\/pt\/31934\/","title":{"rendered":"Antony convence o Manchester United e \u00e9 liberado para jogar em clube verde com uma condi\u00e7\u00e3o"},"content":{"rendered":"<p><strong>Manchester United e Antony<\/strong><\/p>\n<p data-testid=\"paragraph\" class=\"mb-[20px] md:mb-[30px] break-word\">O <strong>Manchester United<\/strong> vem, j\u00e1 h\u00e1 alguns meses, tentando negociar o brasileiro <strong>Antony<\/strong>. Todavia, mesmo com o excelente desempenho do brasileiro em seu empr\u00e9stimo para o Real Betis, a situa\u00e7\u00e3o est\u00e1 dif\u00edcil.<\/p>\n<p data-testid=\"paragraph\" class=\"mb-[20px] md:mb-[30px] break-word\">Nenhuma equipe concordou com os termos exigidos pelos Red Devils, que v\u00eam pedindo 82 milh\u00f5es de libras (R$ 600 milh\u00f5es) para negoci\u00e1-lo. A equipe vinha tentando recuperar parte do preju\u00edzo, j\u00e1 que pagou caro para tirar o atleta do Ajax e sabe que ele se desvalorizou.<\/p>\n<p data-testid=\"paragraph\" class=\"mb-[20px] md:mb-[30px] break-word\">Contudo, isso n\u00e3o ser\u00e1 poss\u00edvel j\u00e1 que, mesmo interessando a clubes como Atl\u00e9tico de Madrid, Bayern de Munique e Bayer Leverkusen, Antony s\u00f3 pensa em jogar no <a href=\"https:\/\/somosfanaticos.fans\/br\/assunto\/real-betis\" target=\"_blank\" rel=\"noreferrer noopener nofollow\" class=\"break-word font-articleLinkText text-articleLinkText hover:text-articleLinkTextHover hover:bg-articleLinkTextHoverBg cursor-pointer border-solid border-b-articleLinkTextHover\">Real Betis<\/a>. O brasileiro se sentiu muito feliz durante seu per\u00edodo no time do Benito Villamar\u00edn e quer voltar ao clube.<\/p>\n<p><strong>Manchester United concordou em reduzir valores<\/strong><\/p>\n<p data-testid=\"paragraph\" class=\"mb-[20px] md:mb-[30px] break-word\">O problema \u00e9 que o time espanhol n\u00e3o tem condi\u00e7\u00f5es de arcar com os valores pedidos pelo United. Ainda assim, diante da insist\u00eancia de Antony para jogar no clube, o clube brit\u00e2nico decidiu reduzir as cifras do neg\u00f3cio.<\/p>\n<p data-testid=\"paragraph\" class=\"mb-[20px] md:mb-[30px] break-word\">O portal Mix Vale afirma que o time decidiu aceitar apenas 30 milh\u00f5es de libras (R$ 219,6 milh\u00f5es) para vender <a href=\"https:\/\/somosfanaticos.fans\/br\/assunto\/antony\" target=\"_blank\" rel=\"noreferrer noopener nofollow\" class=\"break-word font-articleLinkText text-articleLinkText hover:text-articleLinkTextHover hover:bg-articleLinkTextHoverBg cursor-pointer border-solid border-b-articleLinkTextHover\">Antony<\/a> ao Real Betis. O problema \u00e9 que, ainda assim, o time espanhol considera o valor um entrave.<\/p>\n<p><img decoding=\"async\" src=\"https:\/\/www.europesays.com\/pt\/wp-content\/uploads\/2025\/08\/SFBR_20250815_SFBR_594560_AntonySelecao-scaled-e1754610468986-1024x577_bf97f0ac.webp&#038;width=1024&#038;heig.webp\" width=\"1024\" height=\"577\" alt=\"Antony, do Manchester United, com a Sele\u00e7\u00e3o Brasileira (Photo by Matthias Hangst\/Getty Images)\" class=\"h-auto\" loading=\"lazy\"\/><\/p>\n<p class=\"text-center mt-5 text-[14px] leading-[20px] font-normal\">Antony pela Sele\u00e7\u00e3o Brasileira. (Photo by Matthias Hangst\/Getty Images)<\/p>\n<p data-testid=\"paragraph\" class=\"mb-[20px] md:mb-[30px] break-word\">Para concluir um neg\u00f3cio nestes valores, o time precisaria vender alguns jogadores, tendo em vista as regras r\u00edgidas do Fair Play Financeiro da La Liga. A entidade do futebol espanhol implica que os times n\u00e3o podem gastar mais do que arrecadam, o que complica as coisas para um time de or\u00e7amento modesto como o Betis.<\/p>\n<p><a title=\"Lisandro Mart\u00ednez est\u00e1 fora do duelo com Arsenal: desfalque confirmado para o United\" href=\"https:\/\/somosfanaticos.fans\/br\/futebol-europeu\/manchester-united\/lisandro-martinez-esta-fora-do-duelo-com-arsenal-desfalque-confirmado-para-o-united\" target=\"_self\" rel=\"nofollow noopener\" class=\"article-also-read-embed\"><img decoding=\"async\" class=\"aspect-square max-w-[100px] m-[10px] md:m-0\" src=\"https:\/\/www.europesays.com\/pt\/wp-content\/uploads\/2025\/08\/1755355390_526_image\" alt=\"Lisandro Mart\u00ednez est\u00e1 fora do duelo com Arsenal: desfalque confirmado para o United\" width=\"200\" height=\"200\" loading=\"lazy\"\/><\/p>\n<p class=\"font-secondary my-[13px] uppercase text-alsoReadSeeAlso bg-alsoReadSeeAlsoBackground alsoReadSeeAlso w-fit\">Veja tamb\u00e9m<\/p>\n<p class=\"w-full line-clamp-3 md:line-clamp-2 text-alsoReadEmbedTitle font-primary alsoReadLink\">Lisandro Mart\u00ednez est\u00e1 fora do duelo com Arsenal: desfalque confirmado para o United<\/p>\n<p><\/a><strong>Situa\u00e7\u00e3o tensa<\/strong><\/p>\n<p data-testid=\"paragraph\" class=\"mb-[20px] md:mb-[30px] break-word\">Ainda assim, Antony segue irredut\u00edvel nos bastidores do gigante brit\u00e2nico e s\u00f3 aceita sair se for para atuar no Benito Villamar\u00edn. A situa\u00e7\u00e3o parece tensa nos bastidores, j\u00e1 que h\u00e1 alguns dias o clube <a href=\"https:\/\/somosfanaticos.fans\/br\/futebol-europeu\/manchester-united\/manchester-united-perde-a-paciencia-com-situacao-de-antony-e-da-ultimato-ao-atacante\" target=\"_blank\" rel=\"noreferrer noopener nofollow\" class=\"break-word font-articleLinkText text-articleLinkText hover:text-articleLinkTextHover hover:bg-articleLinkTextHoverBg cursor-pointer border-solid border-b-articleLinkTextHover\">amea\u00e7ou deixar o atleta encostado<\/a> caso ele n\u00e3o aceitasse sair nesta janela.<\/p>\n<p data-testid=\"paragraph\" class=\"break-word\">Vale destacar que, no ano que vem, vai acontecer a Copa do Mundo e Antony precisa estar jogando caso queira uma vaga no time de Carlo Ancelotti. Ele inclusive voltou a ser lembrado na \u00faltima convoca\u00e7\u00e3o.<\/p>\n","protected":false},"excerpt":{"rendered":"Manchester United e Antony O Manchester United vem, j\u00e1 h\u00e1 alguns meses, tentando negociar o brasileiro Antony. Todavia,&hellip;\n","protected":false},"author":2,"featured_media":31935,"comment_status":"","ping_status":"","sticky":false,"template":"","format":"standard","meta":{"footnotes":""},"categories":[87],"tags":[4675,135,7612,663,7613,32,33,3508,134],"class_list":{"0":"post-31934","1":"post","2":"type-post","3":"status-publish","4":"format-standard","5":"has-post-thumbnail","7":"category-desporto","8":"tag-antony","9":"tag-desporto","10":"tag-futebol-europeu","11":"tag-manchester-united","12":"tag-mercado-da-bola","13":"tag-portugal","14":"tag-pt","15":"tag-real-betis","16":"tag-sports"},"share_on_mastodon":{"url":"","error":""},"_links":{"self":[{"href":"https:\/\/www.europesays.com\/pt\/wp-json\/wp\/v2\/posts\/31934","targetHints":{"allow":["GET"]}}],"collection":[{"href":"https:\/\/www.europesays.com\/pt\/wp-json\/wp\/v2\/posts"}],"about":[{"href":"https:\/\/www.europesays.com\/pt\/wp-json\/wp\/v2\/types\/post"}],"author":[{"embeddable":true,"href":"https:\/\/www.europesays.com\/pt\/wp-json\/wp\/v2\/users\/2"}],"replies":[{"embeddable":true,"href":"https:\/\/www.europesays.com\/pt\/wp-json\/wp\/v2\/comments?post=31934"}],"version-history":[{"count":0,"href":"https:\/\/www.europesays.com\/pt\/wp-json\/wp\/v2\/posts\/31934\/revisions"}],"wp:featuredmedia":[{"embeddable":true,"href":"https:\/\/www.europesays.com\/pt\/wp-json\/wp\/v2\/media\/31935"}],"wp:attachment":[{"href":"https:\/\/www.europesays.com\/pt\/wp-json\/wp\/v2\/media?parent=31934"}],"wp:term":[{"taxonomy":"category","embeddable":true,"href":"https:\/\/www.europesays.com\/pt\/wp-json\/wp\/v2\/categories?post=31934"},{"taxonomy":"post_tag","embeddable":true,"href":"https:\/\/www.europesays.com\/pt\/wp-json\/wp\/v2\/tags?post=31934"}],"curies":[{"name":"wp","href":"https:\/\/api.w.org\/{rel}","templated":true}]}}