{"id":31942,"date":"2025-08-16T14:49:24","date_gmt":"2025-08-16T14:49:24","guid":{"rendered":"https:\/\/www.europesays.com\/pt\/31942\/"},"modified":"2025-08-16T14:49:24","modified_gmt":"2025-08-16T14:49:24","slug":"pj-detem-homem-de-22-anos-por-crimes-sexuais-contra-criancas-em-almada","status":"publish","type":"post","link":"https:\/\/www.europesays.com\/pt\/31942\/","title":{"rendered":"PJ det\u00e9m homem de 22 anos por crimes sexuais contra crian\u00e7as em Almada"},"content":{"rendered":"<p class=\"category\"><a href=\"https:\/\/sicnoticias.pt\/pais\" rel=\"nofollow noopener\" target=\"_blank\">Pa\u00eds<\/a><\/p>\n<p>Den\u00fancia da m\u00e3e de uma menor levou \u00e0 investiga\u00e7\u00e3o e consequente busca domicili\u00e1ria a casa do suspeito em Almada. Centenas de ficheiros compat\u00edveis com conte\u00fados de abuso e explora\u00e7\u00e3o sexual de crian\u00e7as foram apreendidos.<\/p>\n<p><img decoding=\"async\" src=\"https:\/\/www.europesays.com\/pt\/wp-content\/uploads\/2025\/07\/1753983205_145_original.webp\" alt=\"PJ det\u00e9m homem de 22 anos por crimes sexuais contra crian\u00e7as em Almada\"\/><\/p>\n<p>Pol\u00edcia Judici\u00e1ria<\/p>\n<p style=\"text-align: start;\"><strong>Um homem de 22 anos foi apanhado esta ter\u00e7a-feira em flagrante delito pela <\/strong><strong>Pol\u00edcia Judici\u00e1ria (PJ), atrav\u00e9s da Unidade Nacional de Combate ao Cibercrime e \u00e0 Criminalidade Tecnol\u00f3gica (UNC3T), <\/strong><strong>pela pr\u00e1tica de crimes de pornografia de menores, de atos sexuais com adolescentes e de importuna\u00e7\u00e3o sexual.<\/strong><\/p>\n<p style=\"text-align: start;\">A <strong>den\u00fancia da m\u00e3e de uma menor<\/strong>, que estava a ser coagida pelo suspeito a enviar conte\u00fados de cariz sexual autoproduzidos <strong>levou \u00e0 investiga\u00e7\u00e3o das autoridades<\/strong> e consequente busca domicili\u00e1ria em\u00a0Almada. <\/p>\n<p style=\"text-align: start;\">Na resid\u00eancia do suspeito foram encontrados e apreendidos equipamentos inform\u00e1ticos com <strong>centenas de ficheiros compat\u00edveis com conte\u00fados de abuso e explora\u00e7\u00e3o sexual de crian\u00e7as.<\/strong><\/p>\n<p style=\"text-align: start;\">O detido ficou proibido de contactar a v\u00edtima, sujeito a apresenta\u00e7\u00f5es bissemanais, proibido de adquirir equipamentos inform\u00e1ticos e de aceder a conte\u00fados pornogr\u00e1ficos ap\u00f3s ter sido presente a primeiro interrogat\u00f3rio judicial.<\/p>\n<p style=\"text-align: start;\">A investiga\u00e7\u00e3o vai continuar <strong>para apurar a eventual exist\u00eancia de outras v\u00edtimas.<\/strong><\/p>\n","protected":false},"excerpt":{"rendered":"Pa\u00eds Den\u00fancia da m\u00e3e de uma menor levou \u00e0 investiga\u00e7\u00e3o e consequente busca domicili\u00e1ria a casa do suspeito&hellip;\n","protected":false},"author":2,"featured_media":10477,"comment_status":"","ping_status":"","sticky":false,"template":"","format":"standard","meta":{"footnotes":""},"categories":[10],"tags":[27,28,15,16,14,25,26,21,22,12,13,19,20,32,23,24,33,17,18,29,30,31],"class_list":{"0":"post-31942","1":"post","2":"type-post","3":"status-publish","4":"format-standard","5":"has-post-thumbnail","7":"category-portugal","8":"tag-breaking-news","9":"tag-breakingnews","10":"tag-featured-news","11":"tag-featurednews","12":"tag-headlines","13":"tag-latest-news","14":"tag-latestnews","15":"tag-main-news","16":"tag-mainnews","17":"tag-news","18":"tag-noticias","19":"tag-noticias-principais","20":"tag-noticiasprincipais","21":"tag-portugal","22":"tag-principais-noticias","23":"tag-principaisnoticias","24":"tag-pt","25":"tag-top-stories","26":"tag-topstories","27":"tag-ultimas","28":"tag-ultimas-noticias","29":"tag-ultimasnoticias"},"share_on_mastodon":{"url":"","error":""},"_links":{"self":[{"href":"https:\/\/www.europesays.com\/pt\/wp-json\/wp\/v2\/posts\/31942","targetHints":{"allow":["GET"]}}],"collection":[{"href":"https:\/\/www.europesays.com\/pt\/wp-json\/wp\/v2\/posts"}],"about":[{"href":"https:\/\/www.europesays.com\/pt\/wp-json\/wp\/v2\/types\/post"}],"author":[{"embeddable":true,"href":"https:\/\/www.europesays.com\/pt\/wp-json\/wp\/v2\/users\/2"}],"replies":[{"embeddable":true,"href":"https:\/\/www.europesays.com\/pt\/wp-json\/wp\/v2\/comments?post=31942"}],"version-history":[{"count":0,"href":"https:\/\/www.europesays.com\/pt\/wp-json\/wp\/v2\/posts\/31942\/revisions"}],"wp:featuredmedia":[{"embeddable":true,"href":"https:\/\/www.europesays.com\/pt\/wp-json\/wp\/v2\/media\/10477"}],"wp:attachment":[{"href":"https:\/\/www.europesays.com\/pt\/wp-json\/wp\/v2\/media?parent=31942"}],"wp:term":[{"taxonomy":"category","embeddable":true,"href":"https:\/\/www.europesays.com\/pt\/wp-json\/wp\/v2\/categories?post=31942"},{"taxonomy":"post_tag","embeddable":true,"href":"https:\/\/www.europesays.com\/pt\/wp-json\/wp\/v2\/tags?post=31942"}],"curies":[{"name":"wp","href":"https:\/\/api.w.org\/{rel}","templated":true}]}}