{"id":31981,"date":"2025-08-16T15:26:09","date_gmt":"2025-08-16T15:26:09","guid":{"rendered":"https:\/\/www.europesays.com\/pt\/31981\/"},"modified":"2025-08-16T15:26:09","modified_gmt":"2025-08-16T15:26:09","slug":"odeia-musculacao-medica-indica-a-danca-como-aliada-para-desligar-as-crises-de-rinite","status":"publish","type":"post","link":"https:\/\/www.europesays.com\/pt\/31981\/","title":{"rendered":"Odeia muscula\u00e7\u00e3o? M\u00e9dica indica a dan\u00e7a como aliada para &#8216;desligar&#8217; as crises de rinite"},"content":{"rendered":"<p>                        <a href=\"https:\/\/img.nsctotal.com.br\/wp-content\/uploads\/2025\/08\/Alivio-para-quem-tem-asma-e-rinite-Hospital-Paulista-elege-a-danca-como-a-atividade-mais-completa.jpg\" data-caption=\"Al\u00edvio para quem tem asma e rinite Hospital Paulista elege a dan\u00e7a como a atividade &#039;mais completa\" aria-label=\"Al\u00edvio para quem tem asma e rinite Hospital Paulista elege a dan\u00e7a como a atividade &#039;mais completa\" rel=\"nofollow noopener\" target=\"_blank\"><img width=\"944\" height=\"531\" src=\"https:\/\/www.europesays.com\/pt\/wp-content\/uploads\/2025\/08\/Alivio-para-quem-tem-asma-e-rinite-Hospital-Paulista-elege-a-danca-como-a-atividade-mais-completa-94.jpeg\" class=\"attachment-custom-large size-custom-large article-featured-image\" alt=\"Al\u00edvio para quem tem asma e rinite Hospital Paulista elege a dan\u00e7a como a atividade 'mais completa\" fetchpriority=\"high\" decoding=\"async\"  \/><\/a><\/p>\n<p>A dan\u00e7a \u00e9 a alternativa ideal para quem busca bem-estar sem academia (Foto: Banco de Imagens) <\/p>\n<p>Muitas pessoas buscam alternativas \u00e0 muscula\u00e7\u00e3o para se exercitar. Se voc\u00ea n\u00e3o \u00e9 f\u00e3 de levantar pesos, a dan\u00e7a surge como uma excelente op\u00e7\u00e3o. A m\u00e9dica Cristiane Passos destaca, ao portal Terra, os benef\u00edcios da dan\u00e7a para a sa\u00fade, especialmente a respirat\u00f3ria, em entrevista ao portal Terra.<\/p>\n<p>Continua depois da publicidade<\/p>\n<p>A dan\u00e7a regular \u00e9 uma aliada poderosa na preven\u00e7\u00e3o e tratamento de doen\u00e7as respirat\u00f3rias como rinite, sinusite, asma e bronquite. Essa atividade melhora aspectos cruciais para o bom funcionamento do sistema respirat\u00f3rio, promovendo bem-estar geral.<\/p>\n<p>Controle do peso e sono de qualidade<\/p>\n<p>Segundo a especialista Cristiane, dan\u00e7ar ajuda a controlar o peso corporal, melhora a qualidade do sono e fortalece os m\u00fasculos da respira\u00e7\u00e3o. Esses fatores s\u00e3o essenciais para um sistema respirat\u00f3rio saud\u00e1vel. A atividade f\u00edsica regular, como a dan\u00e7a, \u00e9 fundamental para a sa\u00fade em dia<\/p>\n<p>Dan\u00e7a contra alergias respirat\u00f3rias<\/p>\n<p>\u201cEm casos de alergias respirat\u00f3rias, diversos estudos j\u00e1 mostram que, conforme o paciente ganha resist\u00eancia f\u00edsica e aumenta sua toler\u00e2ncia ao esfor\u00e7o, h\u00e1 uma redu\u00e7\u00e3o significativa nos sintomas e nas crises al\u00e9rgicas\u201d, explica a Dra. Cristiane Passos ao Terra. Assim, a dan\u00e7a pode ser um al\u00edvio para quem sofre de alergias.<\/p>\n<p>Continua depois da publicidade<\/p>\n<p>Braz Nicodemo, diretor-presidente do Hospital Paulista, afirma: \u201cA atividade f\u00edsica regular \u00e9, sem d\u00favida, uma das melhores maneiras de manter a sa\u00fade em dia.<\/p>\n<p>Por isso, escolhemos a dan\u00e7a como tema da campanha deste ano, por ser uma das express\u00f5es mais completas de sa\u00fade e bem-estar\u201d. \u00c9 vital incentivar a pr\u00e1tica.<\/p>\n<p>Dados e estudos comprovam<\/p>\n<p>Pesquisa recente do Minist\u00e9rio da Sa\u00fade revela que apenas 11% dos paulistanos se exercitam regularmente. Esse dado refor\u00e7a a necessidade de ampliar o acesso \u00e0 atividade f\u00edsica. Estudos de Harvard tamb\u00e9m indicam que exerc\u00edcios aumentam a concentra\u00e7\u00e3o e a mem\u00f3ria, beneficiando adultos e idosos em at\u00e9 30%.<\/p>\n<p>Continua depois da publicidade<\/p>\n<p>Leia tamb\u00e9m<\/p>\n<p><strong><a href=\"https:\/\/www.nsctotal.com.br\/noticias\/os-6-erros-que-estao-causando-sua-nausea-ao-treinar-e-voce-nem-percebe\" target=\"_blank\" rel=\"noreferrer noopener nofollow\">Os 6 erros que est\u00e3o causando sua n\u00e1usea ao treinar (e voc\u00ea nem percebe)<\/a><\/strong><\/p>\n<p><strong><a href=\"https:\/\/www.nsctotal.com.br\/noticias\/esses-alimentos-gordurosos-vao-otimizar-sua-dieta-para-emagrecer-ou-ganhar-massa-muscular\" target=\"_blank\" rel=\"noreferrer noopener nofollow\">Esses alimentos gordurosos v\u00e3o otimizar sua dieta para emagrecer ou ganhar massa muscular<\/a><\/strong><\/p>\n<p><strong><a href=\"https:\/\/cbntotal.com.br\/cotidiano\/apelido-da-cadeia-e-youtuber-quem-e-o-influencer-alvo-por-venda-ilegal-de-anabolizantes\/\" target=\"_blank\" rel=\"noreferrer noopener nofollow\">Apelido da cadeia e YouTuber: Quem \u00e9 o influencer alvo por venda ilegal de anabolizantes<\/a><\/strong><\/p>\n","protected":false},"excerpt":{"rendered":"A dan\u00e7a \u00e9 a alternativa ideal para quem busca bem-estar sem academia (Foto: Banco de Imagens) Muitas pessoas&hellip;\n","protected":false},"author":2,"featured_media":31982,"comment_status":"","ping_status":"","sticky":false,"template":"","format":"standard","meta":{"footnotes":""},"categories":[86],"tags":[802,116,32,33,117],"class_list":{"0":"post-31981","1":"post","2":"type-post","3":"status-publish","4":"format-standard","5":"has-post-thumbnail","7":"category-saude","8":"tag-dicas-nsc","9":"tag-health","10":"tag-portugal","11":"tag-pt","12":"tag-saude"},"share_on_mastodon":{"url":"","error":""},"_links":{"self":[{"href":"https:\/\/www.europesays.com\/pt\/wp-json\/wp\/v2\/posts\/31981","targetHints":{"allow":["GET"]}}],"collection":[{"href":"https:\/\/www.europesays.com\/pt\/wp-json\/wp\/v2\/posts"}],"about":[{"href":"https:\/\/www.europesays.com\/pt\/wp-json\/wp\/v2\/types\/post"}],"author":[{"embeddable":true,"href":"https:\/\/www.europesays.com\/pt\/wp-json\/wp\/v2\/users\/2"}],"replies":[{"embeddable":true,"href":"https:\/\/www.europesays.com\/pt\/wp-json\/wp\/v2\/comments?post=31981"}],"version-history":[{"count":0,"href":"https:\/\/www.europesays.com\/pt\/wp-json\/wp\/v2\/posts\/31981\/revisions"}],"wp:featuredmedia":[{"embeddable":true,"href":"https:\/\/www.europesays.com\/pt\/wp-json\/wp\/v2\/media\/31982"}],"wp:attachment":[{"href":"https:\/\/www.europesays.com\/pt\/wp-json\/wp\/v2\/media?parent=31981"}],"wp:term":[{"taxonomy":"category","embeddable":true,"href":"https:\/\/www.europesays.com\/pt\/wp-json\/wp\/v2\/categories?post=31981"},{"taxonomy":"post_tag","embeddable":true,"href":"https:\/\/www.europesays.com\/pt\/wp-json\/wp\/v2\/tags?post=31981"}],"curies":[{"name":"wp","href":"https:\/\/api.w.org\/{rel}","templated":true}]}}