{"id":31989,"date":"2025-08-16T15:33:14","date_gmt":"2025-08-16T15:33:14","guid":{"rendered":"https:\/\/www.europesays.com\/pt\/31989\/"},"modified":"2025-08-16T15:33:14","modified_gmt":"2025-08-16T15:33:14","slug":"carolina-pinto-desabafa-ele-e-um-estrategista-nato-em-arranjar-discussoes","status":"publish","type":"post","link":"https:\/\/www.europesays.com\/pt\/31989\/","title":{"rendered":"Carolina Pinto desabafa: &#8220;Ele \u00e9 um estrategista nato em arranjar discuss\u00f5es&#8221;"},"content":{"rendered":"<p>No Instagram, <a href=\"https:\/\/selfie.iol.pt\/famosos\/carolina-pinto\/carolina-pinto-revela-sou-extremamente-ciumenta\/20250722\/686b95ead34e3f0baea035cd\" target=\"_blank\" rel=\"nofollow noopener\">Carolina Pinto<\/a> fez um balan\u00e7o das f\u00e9rias usufru\u00eddas com o noivo, <a href=\"https:\/\/selfie.iol.pt\/famosos\/marco-costa\/e-parte-de-mim-marco-costa-declara-se-a-pessoa-especial-e-emociona-fas\/20250807\/6894a874d34e3f0baea16373\" target=\"_blank\" rel=\"nofollow noopener\">Marco Costa<\/a>, e os filhos, Maria Em\u00edlia e Vicente. &#8220;E terminaram as f\u00e9rias a quatro! Uma mistura de reality show e treino militar com tudo inclu\u00eddo&#8221;, come\u00e7ou por referir na legenda das fotografias desses momentos de lazer.<\/p>\n<p>&#8220;Ele, nove anos, estrategista nato em arranjar discuss\u00f5es com a irm\u00e3. Ela, dois anos, CEO oficial da minha aten\u00e7\u00e3o e campe\u00e3 nacional em &#8216;molhar a sopa&#8217;, especialmente ao irm\u00e3o (se \u00e9 que me entendem)&#8221;, assinalou ainda a m\u00e3e babada.<\/p>\n<p>De seguida, Carolina Pinto reconheceu: &#8220;S\u00e3o o meu caos favorito e n\u00e3o consigo descrever isto de outra forma. Entre birras, abra\u00e7os apertados, choros dram\u00e1ticos e gargalhadas, l\u00e1 vamos construindo as nossas mem\u00f3rias. \u00c0s vezes, sinto que estou em falta com um ou com outro, mas depois percebo que o amor de m\u00e3e \u00e9 imposs\u00edvel de dividir&#8230; ele simplesmente se multiplica.&#8221;<\/p>\n<p>&#8220;N\u00e3o sou perfeita, sigo a correr de um lado para o outro, tentando sempre ser metade para cada um\u2026 e descobrindo que afinal sou inteira para os dois&#8221;, completou.<\/p>\n<p>Veja, agora, as imagens partilhadas por Carolina Pinto na galeria de fotografias que prepar\u00e1mos para si.<\/p>\n","protected":false},"excerpt":{"rendered":"No Instagram, Carolina Pinto fez um balan\u00e7o das f\u00e9rias usufru\u00eddas com o noivo, Marco Costa, e os filhos,&hellip;\n","protected":false},"author":2,"featured_media":31990,"comment_status":"","ping_status":"","sticky":false,"template":"","format":"standard","meta":{"footnotes":""},"categories":[145],"tags":[4126,211,210,114,115,981,980,3755,1870,1015,3310,619,32,33,1014,1012,162],"class_list":{"0":"post-31989","1":"post","2":"type-post","3":"status-publish","4":"format-standard","5":"has-post-thumbnail","7":"category-celebridades","8":"tag-carolina-pinto","9":"tag-celebridades","10":"tag-celebrities","11":"tag-entertainment","12":"tag-entretenimento","13":"tag-familia","14":"tag-famosos","15":"tag-ferias","16":"tag-filhos","17":"tag-instagram","18":"tag-marco-costa","19":"tag-nacional","20":"tag-portugal","21":"tag-pt","22":"tag-reality-show","23":"tag-selfie","24":"tag-tvi"},"share_on_mastodon":{"url":"","error":""},"_links":{"self":[{"href":"https:\/\/www.europesays.com\/pt\/wp-json\/wp\/v2\/posts\/31989","targetHints":{"allow":["GET"]}}],"collection":[{"href":"https:\/\/www.europesays.com\/pt\/wp-json\/wp\/v2\/posts"}],"about":[{"href":"https:\/\/www.europesays.com\/pt\/wp-json\/wp\/v2\/types\/post"}],"author":[{"embeddable":true,"href":"https:\/\/www.europesays.com\/pt\/wp-json\/wp\/v2\/users\/2"}],"replies":[{"embeddable":true,"href":"https:\/\/www.europesays.com\/pt\/wp-json\/wp\/v2\/comments?post=31989"}],"version-history":[{"count":0,"href":"https:\/\/www.europesays.com\/pt\/wp-json\/wp\/v2\/posts\/31989\/revisions"}],"wp:featuredmedia":[{"embeddable":true,"href":"https:\/\/www.europesays.com\/pt\/wp-json\/wp\/v2\/media\/31990"}],"wp:attachment":[{"href":"https:\/\/www.europesays.com\/pt\/wp-json\/wp\/v2\/media?parent=31989"}],"wp:term":[{"taxonomy":"category","embeddable":true,"href":"https:\/\/www.europesays.com\/pt\/wp-json\/wp\/v2\/categories?post=31989"},{"taxonomy":"post_tag","embeddable":true,"href":"https:\/\/www.europesays.com\/pt\/wp-json\/wp\/v2\/tags?post=31989"}],"curies":[{"name":"wp","href":"https:\/\/api.w.org\/{rel}","templated":true}]}}