{"id":320185,"date":"2026-03-26T22:21:20","date_gmt":"2026-03-26T22:21:20","guid":{"rendered":"https:\/\/www.europesays.com\/pt\/320185\/"},"modified":"2026-03-26T22:21:20","modified_gmt":"2026-03-26T22:21:20","slug":"aos-8-meses-filha-de-neymar-jr-rouba-a-cena-ao-se-divertir-em-brinquedo-simples","status":"publish","type":"post","link":"https:\/\/www.europesays.com\/pt\/320185\/","title":{"rendered":"Aos 8 meses, filha de Neymar Jr rouba a cena ao se divertir em &#8216;brinquedo simples&#8217;"},"content":{"rendered":"<p>Alerta fofura! A influenciadora <a href=\"https:\/\/caras.com.br\/tags\/bruna-biancardi\" rel=\"nofollow noopener\" target=\"_blank\"><strong>Bruna Biancardi<\/strong> <\/a>encantou os seguidores nesta quinta-feira, 26, ao compartilhar uma nova foto da filha ca\u00e7ula, <a href=\"https:\/\/caras.com.br\/tags\/mel\" rel=\"nofollow noopener\" target=\"_blank\"><strong>Mel<\/strong><\/a>. A pequena, de 8 meses de vida, \u00e9 fruto de seu casamento com o jogador de futebol <a href=\"https:\/\/caras.com.br\/tags\/neymar-jr_1\" rel=\"nofollow noopener\" target=\"_blank\"><strong>Neymar Jr<\/strong><\/a>.<\/p>\n<p>Desta vez, Bruna mostrou a beb\u00ea se divertindo em um \u2018brinquedo simples\u2019. Com um sorriso contagiante, Mel foi fotografada sentada em um balan\u00e7o infantil ao ar livre.<\/p>\n<p>Usando um look confort\u00e1vel composto por uma camiseta rosa e bermuda branca, a herdeira dos famosos esbanjou alegria ao posar para o clique. O look de Mel, inclusive, foi completado com um la\u00e7o no cabelo.<\/p>\n<p>Nos \u00faltimos dias, Bruna Biancardi e Neymar Jr aproveitaram uma <a href=\"https:\/\/caras.com.br\/atualidades\/neymar-jr-agita-a-web-ao-mostrar-momento-em-familia-cineminha-com-elas.phtml\" rel=\"nofollow noopener\" target=\"_blank\">noite no cinema ao lado da ca\u00e7ula e da filha mais velha<\/a>, <a href=\"https:\/\/caras.com.br\/tags\/mavie\" rel=\"nofollow noopener\" target=\"_blank\"><strong>Mavie<\/strong><\/a>, de 2 anos e meio. Os registros do momento em fam\u00edlia foram compartilhados pelo jogador de futebol em suas redes sociais.<\/p>\n<p>Em uma das fotos, Neymar aparece segurando Mel nos bra\u00e7os, enquanto a esposa est\u00e1 ao seu lado com Mavie no colo. O atleta ainda mostrou um clique da primog\u00eanita e da companheira concentradas na sala de cinema.<\/p>\n<p> Veja a nova foto de Mel, filha ca\u00e7ula de Neymar e Bruna Biancardi: <img loading=\"lazy\" decoding=\"async\" class=\"size-full wp-image-1093148 img-fluid lazy\" alt=\"Mel, filha ca\u00e7ula de Neymar e Bruna Biancardi - Foto: Reprodu\u00e7\u00e3o \/ Instagram @brunabiancardi\" width=\"462\" height=\"830\" src=\"https:\/\/www.europesays.com\/pt\/wp-content\/uploads\/2026\/03\/mel-filha-neymar-bruna-biancardi.jpg\"  \/>Mel, filha ca\u00e7ula de Neymar e Bruna Biancardi \u2013 Foto: Reprodu\u00e7\u00e3o \/ Instagram @brunabiancardi Quantos filhos Neymar Jr tem? <\/p>\n<p>O jogador de futebol <strong>Neymar Jr<\/strong> \u00e9 pai de quatro filhos: <strong>Davi Lucca<\/strong>, de 14 anos, da antiga uni\u00e3o com <strong>Carol Dantas<\/strong>; <strong>Mavie<\/strong>, de 2, e <strong>Mel<\/strong>, de 8 meses, frutos do atual casamento com <strong>Bruna Biancardi<\/strong>; e <strong>Helena<\/strong>, de 1 ano e meio, de uma rela\u00e7\u00e3o com <strong>Amanda Kimberlly<\/strong>.<\/p>\n<p>Em fevereiro deste ano, o atleta do Santos <a href=\"https:\/\/caras.com.br\/atualidades\/neymar-jr-chama-atencao-com-foto-rara-ao-lado-as-tres-filhas-familia-linda.phtml\" rel=\"nofollow noopener\" target=\"_blank\">reuniu as tr\u00eas herdeiras em sua mans\u00e3o<\/a> em Santos para comemorar o Carnaval. Nas redes sociais, Neymar mostrou aos seguidores alguns registros da festinha das crian\u00e7as, organizada especialmente por Bruna.<\/p>\n<p>Vale lembrar que o primog\u00eanito de Neymar Jr reside em Barcelona, na Espanha, com a m\u00e3e. O adolescente costuma visitar a fam\u00edlia paterna no Brasil em datas festivas, como o Dia dos Pais e festas de fim de ano.<\/p>\n<p>Atualmente, Neymar mora em Santos, litoral de S\u00e3o Paulo, junto com a esposa e as duas filhas do casal. A pequena Helena, por sua vez, vive na capital paulista com a m\u00e3e, Amanda.<\/p>\n<p><strong>Leia tamb\u00e9m<\/strong>: <a href=\"https:\/\/caras.com.br\/atualidades\/aos-2-anos-filha-de-neymar-e-bruna-biancardi-vive-momento-pela-1a-vez-e-mae-reflete-muito-doido.phtml\" rel=\"nofollow noopener\" target=\"_blank\">Aos 2 anos, filha de Neymar e Bruna Biancardi vive momento pela 1\u00aa vez e m\u00e3e reflete: \u2018Muito doido\u2019<\/a><\/p>\n<p> <img loading=\"lazy\" decoding=\"async\" class=\"size-full wp-image-1080132 img-fluid lazy\" alt=\"Neymar Jr \u00e9 pai de Davi, Mavie, Helena e Mel - Foto: Reprodu\u00e7\u00e3o \/ Instagram @neymarjr\" width=\"1920\" height=\"1080\" src=\"https:\/\/www.europesays.com\/pt\/wp-content\/uploads\/2026\/03\/filhos-de-neymar-jr.jpg\"  \/>Neymar Jr \u00e9 pai de Davi, Mavie, Helena e Mel \u2013 Foto: Reprodu\u00e7\u00e3o \/ Instagram @neymarjr\t\t\t<\/p>\n<p>        <a href=\"https:\/\/caras.com.br\/autor\/rafaela-oliveira\" rel=\"nofollow noopener\" target=\"_blank\">&#13;<br \/>\n          <img alt=\"Rafaela Oliveira\" src=\"https:\/\/www.europesays.com\/pt\/wp-content\/uploads\/2026\/03\/1774563680_711_49f5322875970d1e29e5ff2c3d4db4418044337871973cc6a09a25acab0e8ff7.png\"  class=\"avatar avatar-115 photo rounded-circle mr-3\" height=\"115\" width=\"115\" loading=\"lazy\" decoding=\"async\"\/>        <\/a><\/p>\n<p>        <strong>Rafaela Oliveira<\/strong> \u00e9 rep\u00f3rter de conte\u00fado do site CARAS. Formada em jornalismo, j\u00e1 passou por sites como MaisNovela, Portal M\u00e1rcia Piovesan, Purepeople Brasil e Jornal O Dia. Escreve sobre celebridades, TV e reality show. (email: <a href=\"https:\/\/caras.com.br\/cdn-cgi\/l\/email-protection\" class=\"__cf_email__\" data-cfemail=\"097b6b6665607f6c607b68566a6665686b496a687b687a276a6664276b7b\" rel=\"nofollow noopener\" target=\"_blank\">[email\u00a0protected]<\/a>)<\/p>\n","protected":false},"excerpt":{"rendered":"Alerta fofura! A influenciadora Bruna Biancardi encantou os seguidores nesta quinta-feira, 26, ao compartilhar uma nova foto da&hellip;\n","protected":false},"author":2,"featured_media":320186,"comment_status":"","ping_status":"","sticky":false,"template":"","format":"standard","meta":{"footnotes":"","_share_on_mastodon":"0"},"categories":[145],"tags":[4290,211,210,114,115,1995,6039,32,33],"class_list":["post-320185","post","type-post","status-publish","format-standard","has-post-thumbnail","category-celebridades","tag-bruna-biancardi","tag-celebridades","tag-celebrities","tag-entertainment","tag-entretenimento","tag-mel","tag-neymar-jr","tag-portugal","tag-pt"],"share_on_mastodon":{"url":"https:\/\/pubeurope.com\/@pt\/116297812224908669","error":""},"_links":{"self":[{"href":"https:\/\/www.europesays.com\/pt\/wp-json\/wp\/v2\/posts\/320185","targetHints":{"allow":["GET"]}}],"collection":[{"href":"https:\/\/www.europesays.com\/pt\/wp-json\/wp\/v2\/posts"}],"about":[{"href":"https:\/\/www.europesays.com\/pt\/wp-json\/wp\/v2\/types\/post"}],"author":[{"embeddable":true,"href":"https:\/\/www.europesays.com\/pt\/wp-json\/wp\/v2\/users\/2"}],"replies":[{"embeddable":true,"href":"https:\/\/www.europesays.com\/pt\/wp-json\/wp\/v2\/comments?post=320185"}],"version-history":[{"count":0,"href":"https:\/\/www.europesays.com\/pt\/wp-json\/wp\/v2\/posts\/320185\/revisions"}],"wp:featuredmedia":[{"embeddable":true,"href":"https:\/\/www.europesays.com\/pt\/wp-json\/wp\/v2\/media\/320186"}],"wp:attachment":[{"href":"https:\/\/www.europesays.com\/pt\/wp-json\/wp\/v2\/media?parent=320185"}],"wp:term":[{"taxonomy":"category","embeddable":true,"href":"https:\/\/www.europesays.com\/pt\/wp-json\/wp\/v2\/categories?post=320185"},{"taxonomy":"post_tag","embeddable":true,"href":"https:\/\/www.europesays.com\/pt\/wp-json\/wp\/v2\/tags?post=320185"}],"curies":[{"name":"wp","href":"https:\/\/api.w.org\/{rel}","templated":true}]}}