{"id":320233,"date":"2026-03-26T23:03:10","date_gmt":"2026-03-26T23:03:10","guid":{"rendered":"https:\/\/www.europesays.com\/pt\/320233\/"},"modified":"2026-03-26T23:03:10","modified_gmt":"2026-03-26T23:03:10","slug":"melania-trump-desfila-com-robo-na-casa-branca-26-03-2026-mundo","status":"publish","type":"post","link":"https:\/\/www.europesays.com\/pt\/320233\/","title":{"rendered":"Melania Trump desfila com rob\u00f4 na Casa Branca &#8211; 26\/03\/2026 &#8211; Mundo"},"content":{"rendered":"<p>A primeira-dama dos <a href=\"https:\/\/www1.folha.uol.com.br\/folha-topicos\/estados-unidos\/\" rel=\"nofollow noopener\" target=\"_blank\">Estados Unidos<\/a>, <a href=\"https:\/\/www1.folha.uol.com.br\/folha-topicos\/melania-trump\/\" rel=\"nofollow noopener\" target=\"_blank\">Melania Trump<\/a>, entrou no tapete vermelho da Casa Branca ao lado de um rob\u00f4 humanoide nesta \u00faltima quarta-feira (25), em meio a um evento onde defendeu o maior uso da <a href=\"https:\/\/www1.folha.uol.com.br\/folha-topicos\/inteligencia-artificial\/\" rel=\"nofollow noopener\" target=\"_blank\">intelig\u00eancia artificial<\/a> na educa\u00e7\u00e3o.<\/p>\n<p>O rob\u00f4 &#8220;Figure 03&#8221;, <a href=\"https:\/\/www1.folha.uol.com.br\/tec\/2025\/10\/robo-humanoide-faxineiro-e-eleito-uma-das-melhores-invencoes-do-ano-veja-video.shtml\" rel=\"nofollow noopener\" target=\"\">desenvolvido pela empresa Figure AI<\/a>, deu boas-vindas aos convidados na Ala Leste para o comit\u00ea de <a href=\"https:\/\/www1.folha.uol.com.br\/folha-topicos\/tecnologia\/\" rel=\"nofollow noopener\" target=\"_blank\">tecnologia<\/a> Construindo o Futuro Juntos.<\/p>\n<p>Entre os presentes estavam as esposas de l\u00edderes de mais de 40 pa\u00edses. Dentre elas a primeira-dama da Fran\u00e7a, <a href=\"https:\/\/www1.folha.uol.com.br\/folha-topicos\/brigitte-macron\/\" rel=\"nofollow noopener\" target=\"_blank\">Brigitte Macron<\/a>, al\u00e9m da primeira-dama ucraniana Olena Zelenska e Sara Netanyahu, esposa do primeiro-ministro de <a href=\"https:\/\/www1.folha.uol.com.br\/folha-topicos\/israel\/\" rel=\"nofollow noopener\" target=\"_blank\">Israel<\/a>, <a href=\"https:\/\/www1.folha.uol.com.br\/folha-topicos\/binyamin-netanyahu\/\" rel=\"nofollow noopener\" target=\"_blank\">Binyamin Netanyahu<\/a>.<\/p>\n<p>&#8220;Sou grato por fazer parte deste movimento hist\u00f3rico para capacitar crian\u00e7as com tecnologia e educa\u00e7\u00e3o&#8221;, disse o rob\u00f4, cumprimentando os convidados em 11 idiomas diferentes.<\/p>\n<p>Ap\u00f3s aplausos, a primeira-dama passou a usar a apari\u00e7\u00e3o de Figure 03 para promover a necessidade de governos e grandes empresas de tecnologia trabalharem juntos para <a href=\"https:\/\/www1.folha.uol.com.br\/educacao\/2026\/01\/gigantes-da-tecnologia-correm-para-incorporar-ia-em-escolas-ao-redor-do-mundo.shtml\" rel=\"nofollow noopener\" target=\"\">usar a IA no ensino dos jovens<\/a>.<\/p>\n<p>Para Melania, 55, futuramente um hipot\u00e9tico professor humanoide poder\u00e1 oferecer educa\u00e7\u00e3o personalizada aos alunos com base em seu ritmo de aprendizado e estado emocional.<\/p>\n<p>&#8220;Imagine ter um educador humanoide chamado Plat\u00e3o. O acesso aos estudos cl\u00e1ssicos ser\u00e1 instant\u00e2neo&#8221;, disse ela.<\/p>\n<p>Mais cedo no mesmo dia, o presidente <a href=\"https:\/\/www1.folha.uol.com.br\/folha-topicos\/donald-trump\/\" rel=\"nofollow noopener\" target=\"_blank\">Donald Trump<\/a> nomeou o CEO da <a href=\"https:\/\/www1.folha.uol.com.br\/folha-topicos\/meta\/\" rel=\"nofollow noopener\" target=\"_blank\">Meta<\/a>, <a href=\"https:\/\/www1.folha.uol.com.br\/folha-topicos\/mark-zuckerberg\/\" rel=\"nofollow noopener\" target=\"_blank\">Mark Zuckerberg<\/a>, o presidente executivo da Oracle, Larry Ellison, e o CEO da <a href=\"https:\/\/www1.folha.uol.com.br\/folha-topicos\/nvidia\/\" rel=\"nofollow noopener\" target=\"_blank\">Nvidia<\/a>, Jensen Huang, para um conselho que opinar\u00e1 sobre pol\u00edticas de uso de IA e outras tecnologias. Trump classificou a IA como um campo de competi\u00e7\u00e3o estrat\u00e9gica com a <a href=\"https:\/\/www1.folha.uol.com.br\/folha-topicos\/china\/\" rel=\"nofollow noopener\" target=\"_blank\">China<\/a>.<\/p>\n<p>    L\u00e1 Fora<\/p>\n<p class=\"c-newsletter__subtitle\">Receba no seu email uma sele\u00e7\u00e3o semanal com o que de mais importante aconteceu no mundo<\/p>\n","protected":false},"excerpt":{"rendered":"A primeira-dama dos Estados Unidos, Melania Trump, entrou no tapete vermelho da Casa Branca ao lado de um&hellip;\n","protected":false},"author":2,"featured_media":320234,"comment_status":"","ping_status":"","sticky":false,"template":"","format":"standard","meta":{"footnotes":"","_share_on_mastodon":"0"},"categories":[145],"tags":[211,210,358,92,114,115,235,1169,236,933,10136,32,33,2914,110,600],"class_list":["post-320233","post","type-post","status-publish","format-standard","has-post-thumbnail","category-celebridades","tag-celebridades","tag-celebrities","tag-china","tag-donald-trump","tag-entertainment","tag-entretenimento","tag-estados-unidos","tag-facebook","tag-folha","tag-inteligencia-artificial","tag-melania-trump","tag-portugal","tag-pt","tag-robo","tag-tecnologia","tag-veja-video"],"share_on_mastodon":{"url":"https:\/\/pubeurope.com\/@pt\/116297977752830236","error":""},"_links":{"self":[{"href":"https:\/\/www.europesays.com\/pt\/wp-json\/wp\/v2\/posts\/320233","targetHints":{"allow":["GET"]}}],"collection":[{"href":"https:\/\/www.europesays.com\/pt\/wp-json\/wp\/v2\/posts"}],"about":[{"href":"https:\/\/www.europesays.com\/pt\/wp-json\/wp\/v2\/types\/post"}],"author":[{"embeddable":true,"href":"https:\/\/www.europesays.com\/pt\/wp-json\/wp\/v2\/users\/2"}],"replies":[{"embeddable":true,"href":"https:\/\/www.europesays.com\/pt\/wp-json\/wp\/v2\/comments?post=320233"}],"version-history":[{"count":0,"href":"https:\/\/www.europesays.com\/pt\/wp-json\/wp\/v2\/posts\/320233\/revisions"}],"wp:featuredmedia":[{"embeddable":true,"href":"https:\/\/www.europesays.com\/pt\/wp-json\/wp\/v2\/media\/320234"}],"wp:attachment":[{"href":"https:\/\/www.europesays.com\/pt\/wp-json\/wp\/v2\/media?parent=320233"}],"wp:term":[{"taxonomy":"category","embeddable":true,"href":"https:\/\/www.europesays.com\/pt\/wp-json\/wp\/v2\/categories?post=320233"},{"taxonomy":"post_tag","embeddable":true,"href":"https:\/\/www.europesays.com\/pt\/wp-json\/wp\/v2\/tags?post=320233"}],"curies":[{"name":"wp","href":"https:\/\/api.w.org\/{rel}","templated":true}]}}