{"id":321266,"date":"2026-03-27T19:33:09","date_gmt":"2026-03-27T19:33:09","guid":{"rendered":"https:\/\/www.europesays.com\/pt\/321266\/"},"modified":"2026-03-27T19:33:09","modified_gmt":"2026-03-27T19:33:09","slug":"liliana-oliveira-e-fabio-pereira-vao-ser-pais-pela-primeira-vez","status":"publish","type":"post","link":"https:\/\/www.europesays.com\/pt\/321266\/","title":{"rendered":"Liliana Oliveira e F\u00e1bio Pereira v\u00e3o ser pais pela primeira vez?"},"content":{"rendered":"<p><a href=\"https:\/\/selfie.iol.pt\/famosos\/casa-dos-segredos-10\/atenta-a-secret-story-liliana-oliveira-reage-a-gesto-de-eva-e-joao-e-surreal\/20260327\/69c66f27d34e28842c823e70\" target=\"_blank\" rel=\"nofollow noopener\">Liliana Oliveira<\/a> foi uma das convidadas de Cl\u00e1udio Ramos na emiss\u00e3o desta sexta-feira, dia 27, do programa &#8220;<a href=\"https:\/\/tvi.iol.pt\/doisas10\" target=\"_blank\" rel=\"nofollow noopener\">Dois \u00e0s 10<\/a>&#8220;. No decorrer da entrevista, F\u00e1bio Pereira juntou-se \u00e0 conversa e o apresentador quis saber se o casamento faz parte dos planos que os ex-concorrentes da nona edi\u00e7\u00e3o de &#8220;<a href=\"https:\/\/tvi.iol.pt\/secretstory\/\" target=\"_blank\" rel=\"nofollow noopener\">Secret Story<\/a> &#8211; Casa dos Segredos&#8221; t\u00eam para o respetivo futuro.<\/p>\n<p>&#8220;Sim&#8221;, confirmou <a href=\"https:\/\/selfie.iol.pt\/famosos\/casa-dos-segredos-10\/nao-quero-que-me-interpretem-mal-liliana-oliveira-reage-a-polemica-em-secret-story-e-atribui-culpas-a-eva\/20260327\/69c66ab7d34e28842c823e38\" target=\"_blank\" rel=\"nofollow noopener\">Liliana Oliveira<\/a>, enquanto F\u00e1bio Pereira respondeu: &#8220;Um dia&#8230; Ainda esta semana estivemos a falar disso. Aparecem-nos imagens no Instagram. Muitas vezes, \u00e0 noite, estamos na cama a conversar e apareceu-nos uma imagem de um casamento. E ela disse-me: &#8216;Ent\u00e3o, quando vais pedir-me em casamento?&#8217;.&#8221;<\/p>\n<p>&#8220;\u00c9 um sonho meu. Para o F\u00e1bio, nem tanto. J\u00e1 fal\u00e1mos sobre isso. Mas ele diz que, se \u00e9 um sonho meu, ele ir\u00e1 faz\u00ea-lo um dia&#8221;, acrescentou a finalista do reality show da <a href=\"https:\/\/tvi.iol.pt\/\" target=\"_blank\" rel=\"nofollow noopener\">TVI<\/a>, falando tamb\u00e9m do desejo que ambos t\u00eam de ser pais: &#8220;Para j\u00e1, n\u00e3o imagino isso a acontecer. \u00c9 algo para depois. Tamb\u00e9m queremos filhos, mas temos tanta coisa \u00e0 nossa volta que, neste momento, n\u00e3o conseguimos pensar nisso.&#8221;<\/p>\n<p>Veja, agora, este e outros v\u00eddeos da conversa no matutino do canal de Queluz de Baixo.<\/p>\n","protected":false},"excerpt":{"rendered":"Liliana Oliveira foi uma das convidadas de Cl\u00e1udio Ramos na emiss\u00e3o desta sexta-feira, dia 27, do programa &#8220;Dois&hellip;\n","protected":false},"author":2,"featured_media":253131,"comment_status":"","ping_status":"","sticky":false,"template":"","format":"standard","meta":{"footnotes":"","_share_on_mastodon":"0"},"categories":[142],"tags":[2632,13471,329,801,114,115,6309,24884,980,9485,24883,619,32,33,1014,1315,6985,16687,16686,1012,6986,16688,151,162],"class_list":["post-321266","post","type-post","status-publish","format-standard","has-post-thumbnail","category-tv","tag-casa-dos-segredos","tag-casa-dos-segredos-9","tag-claudio-ramos","tag-dois-as-10","tag-entertainment","tag-entretenimento","tag-ex-concorrente","tag-fabio-pereira","tag-famosos","tag-finalista","tag-liliana-oliveira","tag-nacional","tag-portugal","tag-pt","tag-reality-show","tag-secret-story","tag-secret-story-casa-dos-segredos","tag-secret-story-casa-dos-segredos-9","tag-secret-story-9","tag-selfie","tag-ss","tag-ss9","tag-tv","tag-tvi"],"share_on_mastodon":{"url":"https:\/\/pubeurope.com\/@pt\/116302813951825354","error":""},"_links":{"self":[{"href":"https:\/\/www.europesays.com\/pt\/wp-json\/wp\/v2\/posts\/321266","targetHints":{"allow":["GET"]}}],"collection":[{"href":"https:\/\/www.europesays.com\/pt\/wp-json\/wp\/v2\/posts"}],"about":[{"href":"https:\/\/www.europesays.com\/pt\/wp-json\/wp\/v2\/types\/post"}],"author":[{"embeddable":true,"href":"https:\/\/www.europesays.com\/pt\/wp-json\/wp\/v2\/users\/2"}],"replies":[{"embeddable":true,"href":"https:\/\/www.europesays.com\/pt\/wp-json\/wp\/v2\/comments?post=321266"}],"version-history":[{"count":0,"href":"https:\/\/www.europesays.com\/pt\/wp-json\/wp\/v2\/posts\/321266\/revisions"}],"wp:featuredmedia":[{"embeddable":true,"href":"https:\/\/www.europesays.com\/pt\/wp-json\/wp\/v2\/media\/253131"}],"wp:attachment":[{"href":"https:\/\/www.europesays.com\/pt\/wp-json\/wp\/v2\/media?parent=321266"}],"wp:term":[{"taxonomy":"category","embeddable":true,"href":"https:\/\/www.europesays.com\/pt\/wp-json\/wp\/v2\/categories?post=321266"},{"taxonomy":"post_tag","embeddable":true,"href":"https:\/\/www.europesays.com\/pt\/wp-json\/wp\/v2\/tags?post=321266"}],"curies":[{"name":"wp","href":"https:\/\/api.w.org\/{rel}","templated":true}]}}