{"id":322142,"date":"2026-03-28T14:47:10","date_gmt":"2026-03-28T14:47:10","guid":{"rendered":"https:\/\/www.europesays.com\/pt\/322142\/"},"modified":"2026-03-28T14:47:10","modified_gmt":"2026-03-28T14:47:10","slug":"agricultores-derramam-15-mil-litros-de-leite-portugues-observador","status":"publish","type":"post","link":"https:\/\/www.europesays.com\/pt\/322142\/","title":{"rendered":"Agricultores derramam 15 mil litros de leite portugu\u00eas \u2013 Observador"},"content":{"rendered":"<p>Um grupo de agricultores espanh\u00f3is em protesto derramou cerca de 15 mil litros de leite de origem portuguesa ap\u00f3s ter intercetado um cami\u00e3o cisterna que vinha de Portugal com destino \u00e0 f\u00e1brica de uma empresa de processamento de produto l\u00e1cteos no munic\u00edpio de Curtis, na Corunha, avan\u00e7a o <a href=\"https:\/\/www.elmundo.es\/galicia\/2026\/03\/27\/69c6798921efa0152d8b457f-video.html\" rel=\"nofollow noopener\" target=\"_blank\">jornal El Mundo<\/a>.<\/p>\n<p>Este foi apenas mais um epis\u00f3dio que tem vindo a marcar a s\u00e9rie de manifesta\u00e7\u00f5es do sindicato Uni\u00f3ns Agrarias, que tem vindo a denunciar a entrada de leite importado \u2014 de Fran\u00e7a ou Portugal, neste caso \u2014 no mercado nacional. \u201cA UE afirma n\u00e3o ter encontrado provas de que um afluxo maci\u00e7o de leite estrangeiro esteja a distorcer o mercado\u201d, escreve o movimento nas <a href=\"https:\/\/twitter.com\/unions_agrarias\/status\/2037475207657500792\" rel=\"nofollow noopener\" target=\"_blank\">redes sociais<\/a>, onde mostram fotografias do derrame provocado.<\/p>\n<blockquote class=\"twitter-tweet\" data-width=\"500\" data-dnt=\"true\">\n<p lang=\"es\" dir=\"ltr\">A <a href=\"https:\/\/twitter.com\/Xunta?ref_src=twsrc%5Etfw\" rel=\"nofollow noopener\" target=\"_blank\">@Xunta<\/a> di non atopara indicios dunha entrada masiva de leite for\u00e1neo que estea a distorsionar o mercado. A n\u00f3s ab\u00f3ndanos con po\u00f1ernos \u00e1s portas das plantas para comprobar a constante entrada das cisternas<br \/>\u26d4\ufe0f???? Se as administraci\u00f3ns non act\u00faan, terannos enfronte! <a href=\"https:\/\/t.co\/sZJLccQcTY\" rel=\"nofollow\">pic.twitter.com\/sZJLccQcTY<\/a><\/p>\n<p>\u2014 Uni\u00f3ns Agrarias-UPA (@unions_agrarias) <a href=\"https:\/\/twitter.com\/unions_agrarias\/status\/2037475207657500792?ref_src=twsrc%5Etfw\" rel=\"nofollow noopener\" target=\"_blank\">March 27, 2026<\/a><\/p>\n<\/blockquote>\n<p>Segundo o sindicato, a importa\u00e7\u00e3o do leite portugu\u00eas est\u00e1 a \u201cprejudicar gravemente a viabilidade econ\u00f3mica dos produtores locais\u201d. \u201cSe as administra\u00e7\u00f5es n\u00e3o atuam, v\u00e3o ter de lidar connosco\u201d, acrescentam, numa nova cr\u00edtica ao governo local da Galiza \u2014 que acusam de estar a perturbar o mercado atrav\u00e9s da entrada \u201cmassiva\u201d de leite estrangeiro naquela regi\u00e3o.<\/p>\n<blockquote class=\"twitter-tweet\" data-width=\"500\" data-dnt=\"true\">\n<p lang=\"pt\" dir=\"ltr\">????????????????\u00daLTIMAS NOT\u00cdCIAS: Fazendeiros interceptam um caminh\u00e3o em Teixeiro, &#8220;por ser de origem estrangeira&#8221;, e descartam cerca de 15.000 litros de leite portugu\u00eas que seguia para a Galiza. <a href=\"https:\/\/t.co\/FNeNexQ9oZ\" rel=\"nofollow\">pic.twitter.com\/FNeNexQ9oZ<\/a><\/p>\n<p>\u2014 Conservatism And Elegance ???????? (@ThayzzySmith) <a href=\"https:\/\/twitter.com\/ThayzzySmith\/status\/2037602713156964389?ref_src=twsrc%5Etfw\" rel=\"nofollow noopener\" target=\"_blank\">March 27, 2026<\/a><\/p>\n<\/blockquote>\n<p>            <script async src=\"https:\/\/platform.twitter.com\/widgets.js\" charset=\"utf-8\"><\/script><\/p>\n","protected":false},"excerpt":{"rendered":"Um grupo de agricultores espanh\u00f3is em protesto derramou cerca de 15 mil litros de leite de origem portuguesa&hellip;\n","protected":false},"author":2,"featured_media":322143,"comment_status":"","ping_status":"","sticky":false,"template":"","format":"standard","meta":{"footnotes":"","_share_on_mastodon":"0"},"categories":[50],"tags":[27,28,640,445,15,16,14,25,26,21,22,14385,62,12,13,19,20,23,24,4256,58,17,18,29,30,31,63,64,65],"class_list":["post-322142","post","type-post","status-publish","format-standard","has-post-thumbnail","category-mundo","tag-breaking-news","tag-breakingnews","tag-espanha","tag-europa","tag-featured-news","tag-featurednews","tag-headlines","tag-latest-news","tag-latestnews","tag-main-news","tag-mainnews","tag-manifestau00e7u00f5es","tag-mundo","tag-news","tag-noticias","tag-noticias-principais","tag-noticiasprincipais","tag-principais-noticias","tag-principaisnoticias","tag-protestos","tag-sociedade","tag-top-stories","tag-topstories","tag-ultimas","tag-ultimas-noticias","tag-ultimasnoticias","tag-world","tag-world-news","tag-worldnews"],"share_on_mastodon":{"url":"https:\/\/pubeurope.com\/@pt\/116307351564991777","error":""},"_links":{"self":[{"href":"https:\/\/www.europesays.com\/pt\/wp-json\/wp\/v2\/posts\/322142","targetHints":{"allow":["GET"]}}],"collection":[{"href":"https:\/\/www.europesays.com\/pt\/wp-json\/wp\/v2\/posts"}],"about":[{"href":"https:\/\/www.europesays.com\/pt\/wp-json\/wp\/v2\/types\/post"}],"author":[{"embeddable":true,"href":"https:\/\/www.europesays.com\/pt\/wp-json\/wp\/v2\/users\/2"}],"replies":[{"embeddable":true,"href":"https:\/\/www.europesays.com\/pt\/wp-json\/wp\/v2\/comments?post=322142"}],"version-history":[{"count":0,"href":"https:\/\/www.europesays.com\/pt\/wp-json\/wp\/v2\/posts\/322142\/revisions"}],"wp:featuredmedia":[{"embeddable":true,"href":"https:\/\/www.europesays.com\/pt\/wp-json\/wp\/v2\/media\/322143"}],"wp:attachment":[{"href":"https:\/\/www.europesays.com\/pt\/wp-json\/wp\/v2\/media?parent=322142"}],"wp:term":[{"taxonomy":"category","embeddable":true,"href":"https:\/\/www.europesays.com\/pt\/wp-json\/wp\/v2\/categories?post=322142"},{"taxonomy":"post_tag","embeddable":true,"href":"https:\/\/www.europesays.com\/pt\/wp-json\/wp\/v2\/tags?post=322142"}],"curies":[{"name":"wp","href":"https:\/\/api.w.org\/{rel}","templated":true}]}}