{"id":322178,"date":"2026-03-28T15:29:16","date_gmt":"2026-03-28T15:29:16","guid":{"rendered":"https:\/\/www.europesays.com\/pt\/322178\/"},"modified":"2026-03-28T15:29:16","modified_gmt":"2026-03-28T15:29:16","slug":"disse-que-homossexualidade-e-disturbio-observador","status":"publish","type":"post","link":"https:\/\/www.europesays.com\/pt\/322178\/","title":{"rendered":"disse que homossexualidade \u00e9 &#8220;dist\u00farbio&#8221; \u2013 Observador"},"content":{"rendered":"<p>A deputada finlandesa P\u00e4ivi R\u00e4s\u00e4nen foi esta quinta-feira condenada a pagar uma multa por incitamento ao \u00f3dio, depois de classificar a homossexualidade um \u201cdist\u00farbio\u201d, noticiou o <a href=\"https:\/\/www.theguardian.com\/world\/2026\/mar\/26\/finnish-mp-paivi-rasanen-convicted-homosexuality-developmental-disorder\" rel=\"nofollow noopener\" target=\"_blank\">The Guardian<\/a>.<\/p>\n<p>A democrata-crist\u00e3 fez as pol\u00e9micas afirma\u00e7\u00f5es mais do que uma vez: primeiro num <a href=\"https:\/\/www.lhpk.fi\/julkaisut\/aamuntahdet\/29_mieheksijanaiseksi.pdf\" rel=\"nofollow noopener\" target=\"_blank\">documento<\/a> em 2004, entretanto republicado no site da Funda\u00e7\u00e3o Luterana da Finl\u00e2ndia e da Diocese Mission\u00e1ria Evang\u00e9lica Finlandesa em 2007. Mais tarde numa publica\u00e7\u00e3o no Facebook, em 2019, e novamente em 2020. Foi por estas duas \u00faltimas que a deputada foi agora <strong>multada em 1800 euros<\/strong>, pelo Supremo Tribunal finland\u00eas, decis\u00e3o tomada pela maioria (tr\u00eas votos contra dois) dos juizes.<\/p>\n<p>O acord\u00e3o foi um \u201cchoque\u201d para R\u00e4s\u00e4nen que est\u00e1 a ponderar recorrer para o Tribunal Europeu dos Direitos Humanos. N\u00e3o foi a \u00fanica a ficar indignada com a decis\u00e3o. De acordo com o jornal, houve <strong>ministros do Executivo finland\u00eas<\/strong>, n\u00e3o s\u00f3 democratas crist\u00e3os, como membros do nacionalista Partido dos Finlandeses, <strong>a discordar do Supremo Tribunal, <\/strong>\u00a0invocando a liberdade de express\u00e3o para se oporem a este veredito depois de absolvi\u00e7\u00f5es em tribunais de inst\u00e2ncia inferior.<\/p>\n<p>A condena\u00e7\u00e3o provocou uma onda de rea\u00e7\u00f5es levando mesmo a ministra da Justi\u00e7a, Leena Meri, do Partido dos Finlandeses, a pedir uma revis\u00e3o da lei da liberdade de express\u00e3o. A ministra referiu que o seu partido sempre considerou que a lei \u201cn\u00e3o era suficientemente precisa e, sobretudo, n\u00e3o era previs\u00edvel como exige o princ\u00edpio da legalidade no C\u00f3digo Penal\u201d. \u201c\u00c9 muito <strong>dif\u00edcil para as pessoas saberem o que \u00e9 proibido e o que \u00e9 permitido<\/strong>\u201c, salientou.<\/p>\n<p>Tamb\u00e9m no mesmo partido, a vice-primeira-ministra e ministra das Finan\u00e7as da Finl\u00e2ndia, Riikka Purra,\u00a0 pediu igualmente uma revis\u00e3o da lei e foi perent\u00f3ria quanto \u00e0 condena\u00e7\u00e3o de R\u00e4s\u00e4nen. <strong>\u201cA liberdade de express\u00e3o sofreu outro duro golpe com a decis\u00e3o do Supremo Tribunal\u201d<\/strong>, escreveu na rede social X.<\/p>\n<blockquote class=\"twitter-tweet\" data-width=\"500\" data-dnt=\"true\">\n<p lang=\"fi\" dir=\"ltr\">Sananvapaus otti t\u00e4n\u00e4\u00e4n taas pahasti osumaa korkeimman oikeuden \u00e4\u00e4nestysratkaisun kautta. <\/p>\n<p>Olitpa itse kiistanalaisesta sanomasta (tai sen sanojasta) mit\u00e4 mielt\u00e4 tahansa, puolusta sananvapautta.<\/p>\n<p>Se on t\u00e4ysin kriittist\u00e4 demokratian ja terveen yhteiskunnan toiminnalle.<\/p>\n<p>\u2014 Riikka Purra (@ir_rkp) <a href=\"https:\/\/twitter.com\/ir_rkp\/status\/2037089995551375655?ref_src=twsrc%5Etfw\" rel=\"nofollow noopener\" target=\"_blank\">March 26, 2026<\/a><\/p>\n<\/blockquote>\n<p>No <strong>apoio \u00e0 defesa de P\u00e4ivi R\u00e4s\u00e4nen<\/strong> esteve ainda o grupo Alliance Defending Freedom (Alian\u00e7a em Defesa da Liberdade), uma <strong>organiza\u00e7\u00e3o jur\u00eddica conservadora crist\u00e3<\/strong>, com sede nos Estados Unidos da Am\u00e9rica.<\/p>\n<p>            <script async src=\"https:\/\/platform.twitter.com\/widgets.js\" charset=\"utf-8\"><\/script><\/p>\n","protected":false},"excerpt":{"rendered":"A deputada finlandesa P\u00e4ivi R\u00e4s\u00e4nen foi esta quinta-feira condenada a pagar uma multa por incitamento ao \u00f3dio, depois&hellip;\n","protected":false},"author":2,"featured_media":322179,"comment_status":"","ping_status":"","sticky":false,"template":"","format":"standard","meta":{"footnotes":"","_share_on_mastodon":"0"},"categories":[50],"tags":[27,28,9029,3026,19609,445,15,16,13884,14,36632,300,25,26,44178,21762,21,22,62,12,13,19,20,23,24,58,17,18,29,30,31,63,64,65],"class_list":["post-322178","post","type-post","status-publish","format-standard","has-post-thumbnail","category-mundo","tag-breaking-news","tag-breakingnews","tag-direito","tag-direitos-humanos","tag-direitos-lgbtq","tag-europa","tag-featured-news","tag-featurednews","tag-finlu00e2ndia","tag-headlines","tag-homossexualidade","tag-justiu00e7a","tag-latest-news","tag-latestnews","tag-liberdade-de-expressu00e3o","tag-liberdades","tag-main-news","tag-mainnews","tag-mundo","tag-news","tag-noticias","tag-noticias-principais","tag-noticiasprincipais","tag-principais-noticias","tag-principaisnoticias","tag-sociedade","tag-top-stories","tag-topstories","tag-ultimas","tag-ultimas-noticias","tag-ultimasnoticias","tag-world","tag-world-news","tag-worldnews"],"share_on_mastodon":{"url":"","error":"Validation failed: Text character limit of 500 exceeded"},"_links":{"self":[{"href":"https:\/\/www.europesays.com\/pt\/wp-json\/wp\/v2\/posts\/322178","targetHints":{"allow":["GET"]}}],"collection":[{"href":"https:\/\/www.europesays.com\/pt\/wp-json\/wp\/v2\/posts"}],"about":[{"href":"https:\/\/www.europesays.com\/pt\/wp-json\/wp\/v2\/types\/post"}],"author":[{"embeddable":true,"href":"https:\/\/www.europesays.com\/pt\/wp-json\/wp\/v2\/users\/2"}],"replies":[{"embeddable":true,"href":"https:\/\/www.europesays.com\/pt\/wp-json\/wp\/v2\/comments?post=322178"}],"version-history":[{"count":0,"href":"https:\/\/www.europesays.com\/pt\/wp-json\/wp\/v2\/posts\/322178\/revisions"}],"wp:featuredmedia":[{"embeddable":true,"href":"https:\/\/www.europesays.com\/pt\/wp-json\/wp\/v2\/media\/322179"}],"wp:attachment":[{"href":"https:\/\/www.europesays.com\/pt\/wp-json\/wp\/v2\/media?parent=322178"}],"wp:term":[{"taxonomy":"category","embeddable":true,"href":"https:\/\/www.europesays.com\/pt\/wp-json\/wp\/v2\/categories?post=322178"},{"taxonomy":"post_tag","embeddable":true,"href":"https:\/\/www.europesays.com\/pt\/wp-json\/wp\/v2\/tags?post=322178"}],"curies":[{"name":"wp","href":"https:\/\/api.w.org\/{rel}","templated":true}]}}