{"id":32249,"date":"2025-08-16T19:33:21","date_gmt":"2025-08-16T19:33:21","guid":{"rendered":"https:\/\/www.europesays.com\/pt\/32249\/"},"modified":"2025-08-16T19:33:21","modified_gmt":"2025-08-16T19:33:21","slug":"livro-sao-miguel-entre-o-facto-e-o-mito","status":"publish","type":"post","link":"https:\/\/www.europesays.com\/pt\/32249\/","title":{"rendered":"Livro: S\u00e3o Miguel entre o facto e o mito"},"content":{"rendered":"<p>  <strong>Jos\u00e9 Furtado &#8211; <\/strong>15\/08\/2025 &#8211; 19:00<\/p>\n<p>Hist\u00f3ria da aldeia do concelho de Idanha, que j\u00e1 foi vila, est\u00e1 agora reunida em livro<\/p>\n<p>  <img decoding=\"async\" src=\"https:\/\/www.europesays.com\/pt\/wp-content\/uploads\/2025\/08\/capa-livro-manuel-ruivo_f5.jpg\" alt=\"\" class=\"img-responsive\"\/><\/p>\n<p class=\"alert alert-warning\">Algumas das not\u00edcias disponibilizadas neste s\u00edtio s\u00e3o de acesso reservado a assinantes. Para se fazer assinante por favor <a href=\"https:\/\/www.reconquista.pt\/leitores\/registo\" rel=\"nofollow noopener\" target=\"_blank\">registe-se<\/a> e fa\u00e7a uma assinatura. Se j\u00e1 \u00e9 assinante da edi\u00e7\u00e3o em papel pode pedir a sua senha de acesso gratuita para <a href=\"https:\/\/www.reconquista.pt\/cdn-cgi\/l\/email-protection\" class=\"__cf_email__\" data-cfemail=\"d2b3a1a1bbbcb3bca6b7a192a0b7b1bdbca3a7bba1a6b3fca2a6\" rel=\"nofollow noopener\" target=\"_blank\">[email\u00a0protected]<\/a>. Se j\u00e1 tem a sua senha de acesso aceda na <a href=\"https:\/\/www.reconquista.pt\/leitores\/login\" rel=\"nofollow noopener\" target=\"_blank\">\u00e1rea do assinante<\/a>.<\/p>\n","protected":false},"excerpt":{"rendered":"Jos\u00e9 Furtado &#8211; 15\/08\/2025 &#8211; 19:00 Hist\u00f3ria da aldeia do concelho de Idanha, que j\u00e1 foi vila, est\u00e1&hellip;\n","protected":false},"author":2,"featured_media":32250,"comment_status":"","ping_status":"","sticky":false,"template":"","format":"standard","meta":{"footnotes":""},"categories":[143],"tags":[169,114,115,170,32,33],"class_list":{"0":"post-32249","1":"post","2":"type-post","3":"status-publish","4":"format-standard","5":"has-post-thumbnail","7":"category-livros","8":"tag-books","9":"tag-entertainment","10":"tag-entretenimento","11":"tag-livros","12":"tag-portugal","13":"tag-pt"},"share_on_mastodon":{"url":"","error":""},"_links":{"self":[{"href":"https:\/\/www.europesays.com\/pt\/wp-json\/wp\/v2\/posts\/32249","targetHints":{"allow":["GET"]}}],"collection":[{"href":"https:\/\/www.europesays.com\/pt\/wp-json\/wp\/v2\/posts"}],"about":[{"href":"https:\/\/www.europesays.com\/pt\/wp-json\/wp\/v2\/types\/post"}],"author":[{"embeddable":true,"href":"https:\/\/www.europesays.com\/pt\/wp-json\/wp\/v2\/users\/2"}],"replies":[{"embeddable":true,"href":"https:\/\/www.europesays.com\/pt\/wp-json\/wp\/v2\/comments?post=32249"}],"version-history":[{"count":0,"href":"https:\/\/www.europesays.com\/pt\/wp-json\/wp\/v2\/posts\/32249\/revisions"}],"wp:featuredmedia":[{"embeddable":true,"href":"https:\/\/www.europesays.com\/pt\/wp-json\/wp\/v2\/media\/32250"}],"wp:attachment":[{"href":"https:\/\/www.europesays.com\/pt\/wp-json\/wp\/v2\/media?parent=32249"}],"wp:term":[{"taxonomy":"category","embeddable":true,"href":"https:\/\/www.europesays.com\/pt\/wp-json\/wp\/v2\/categories?post=32249"},{"taxonomy":"post_tag","embeddable":true,"href":"https:\/\/www.europesays.com\/pt\/wp-json\/wp\/v2\/tags?post=32249"}],"curies":[{"name":"wp","href":"https:\/\/api.w.org\/{rel}","templated":true}]}}