{"id":322633,"date":"2026-03-29T00:11:13","date_gmt":"2026-03-29T00:11:13","guid":{"rendered":"https:\/\/www.europesays.com\/pt\/322633\/"},"modified":"2026-03-29T00:11:13","modified_gmt":"2026-03-29T00:11:13","slug":"sem-nenhum-pudor-radio-rural","status":"publish","type":"post","link":"https:\/\/www.europesays.com\/pt\/322633\/","title":{"rendered":"SEM NENHUM PUDOR &#8211; R\u00e1dio Rural"},"content":{"rendered":"<ol>\n<li><a href=\"https:\/\/news.google.com\/rss\/articles\/CBMibkFVX3lxTE5saGJWRndLQlUzZWlPOVdrRVYzOHdCS1RQeUhCVGF3Qk9NMkM0M2tWbVgzYUhyLVAyWkcwcDBQWklVYzJqeEpIallObU9iTkZmbzNkWGszLXBMeGZCZTUtOFlxSV9uYVdUZV9uMHRB?oc=5\" target=\"_blank\" rel=\"nofollow noopener\">SEM NENHUM PUDOR<\/a>&nbsp;&nbsp;R\u00e1dio Rural<\/li>\n<li><a href=\"https:\/\/news.google.com\/rss\/articles\/CBMizwFBVV95cUxPVTJMSng3c3B0czRqYnMtUzhCVmRXaXRSS3VYaDNhVHN6czhTb0dNVmt1cUF5Q3NuYTlyb0pUVjZsVVppbG10Z3kwOEUyYUJYYVhmS1NuVlplbzdtN2tzWGF5ekZWbmhheWo3WExoNHZCRTJmX01qQlBCVFVsblM4bE5WUjBaVkZBR1ZWazJ4dlJnYjBVb2QySklDellXQUI4NUZGMi1Kb2ZCS2x1WGsxN3ZvTW0tWmptYUtxSDlGVXRiMl9rQXZKajlZN3dJMzTSAd4BQVVfeXFMTkJuck9JVE5JQmZFalBuSklzYVQwT2h3VHVZV041eHNsNUE3eFBXM1hFckRDaF93MWFwYU9GSE5USERIczQ3ZjJLNWdCSlViRUxoeUJlbmxTT2w3OGhRc2JOeUpadWRiMmtCYTRRYmJlOG5CdEJtLTlSY0JyNzhwaVVWR3JzVnltUWhJMEl6WVUyN0JzLVd6QWl3YUlVc1YyYzZ4ZzhVNUg2MFN2VndvcmFXbmFYYnpVTVhiUkVzME1kaGJIM0tqSWl2dWpzWlJWVzNjdWxfTldGVFNhTGhB?oc=5\" target=\"_blank\" rel=\"nofollow noopener\">CPMI do INSS: veja como cada parlamentar votou na an\u00e1lise que rejeitou relat\u00f3rio<\/a>&nbsp;&nbsp;G1<\/li>\n<li><a href=\"https:\/\/news.google.com\/rss\/articles\/CBMizwFBVV95cUxQYjFtVXNDMFduS3dFOUlaMGx4RGR2RnB5cEtSMGdHQ1hXdjVwTUl4dzNodU92QzNLSDZfNjFMVjIwc3pKSjlOV0FETlVTT092RXV1M1JYS0I3bXNkUjc0c1NLcEF2NzdXR3g1Njk5YjlBNUxobTE4b3d5NkJUVFRfbGJjWXVDa3V4di1WdDVqRjUwSWhlaHlEN0MyUnlaYUczSUtnRTVOX2dzWlZuRzVVTHZ0U0lNWl9tY3hlZHFPQUF6dmktcVliY3ItOW1NdTA?oc=5\" target=\"_blank\" rel=\"nofollow noopener\">Opini\u00e3o | \u00danico resultado da CPI foi jogar Lulinha no colo de Lula em pleno ano eleitoral<\/a>&nbsp;&nbsp;Estad\u00e3o<\/li>\n<li><a href=\"https:\/\/news.google.com\/rss\/articles\/CBMirwFBVV95cUxOU3pHMkVkS1VTSGc0WnRILVFJYmEyVUFpYzNaODczakROeWRhczRQUWd3dnZSdjNPM2ZFWlZEQVBWY0ZXaUdDYktoQTVTa2hUZTJTcGNYckdCZ1ZZM2hRZGR3VmN2bkN6d2pfNGtGdDFBdnRYc2pEeDdwQ0lnSktRZDI1YWNGMi1KNFdoRTkxbUJpVWNiWG9hT21TWmJNOUJnZVF6S0V5Y1BYU0tLT2Rj?oc=5\" target=\"_blank\" rel=\"nofollow noopener\">Saiba quais deputados e senadores votaram contra indiciar Lulinha<\/a>&nbsp;&nbsp;Poder360<\/li>\n<li><a href=\"https:\/\/news.google.com\/rss\/articles\/CBMivAFBVV95cUxOa1lVRWN0cldhZ0JoUTVYU05oaHJoNEM2QURQQ3pqOXZUVkd4QnZTN1FBWnV4WVNtYlZ0ckRmYmRLb3RLVGtKbWtyYm9wdkhRZXNVRFRlazRuY2RUTkNHaDVfbGw2SmFESXUtQi1qUVYwZzVtSWxnWGJrVHJCa3gwVVdqUFlrbW9fOXJiRU5yOTFoUG96THVlZlNWbFBTWjFMTE96endPQWYwa0tXRGlGYTJwUVJQcFBPMTN3WQ?oc=5\" target=\"_blank\" rel=\"nofollow noopener\">Veja quem s\u00e3o os parlamentares que votaram contra o relat\u00f3rio da CPMI do INSS<\/a>&nbsp;&nbsp;R7<\/li>\n<\/ol>\n","protected":false},"excerpt":{"rendered":"SEM NENHUM PUDOR&nbsp;&nbsp;R\u00e1dio Rural CPMI do INSS: veja como cada parlamentar votou na an\u00e1lise que rejeitou relat\u00f3rio&nbsp;&nbsp;G1 Opini\u00e3o&hellip;\n","protected":false},"author":2,"featured_media":322634,"comment_status":"","ping_status":"","sticky":false,"template":"","format":"standard","meta":{"footnotes":"","_share_on_mastodon":"0"},"categories":[141],"tags":[562,726,2733,2731,476,539,2258,114,115,1062,986,2732,149,150,1086,52,32,33,3551,117],"class_list":["post-322633","post","type-post","status-publish","format-standard","has-post-thumbnail","category-musica","tag-agricultura","tag-brasil","tag-carnaval","tag-dicas-do-dia","tag-economia","tag-educacao","tag-eleicoes","tag-entertainment","tag-entretenimento","tag-esportes","tag-estado","tag-geral","tag-music","tag-musica","tag-policia","tag-politica","tag-portugal","tag-pt","tag-regiao","tag-saude"],"share_on_mastodon":{"url":"https:\/\/pubeurope.com\/@pt\/116309569370376018","error":""},"_links":{"self":[{"href":"https:\/\/www.europesays.com\/pt\/wp-json\/wp\/v2\/posts\/322633","targetHints":{"allow":["GET"]}}],"collection":[{"href":"https:\/\/www.europesays.com\/pt\/wp-json\/wp\/v2\/posts"}],"about":[{"href":"https:\/\/www.europesays.com\/pt\/wp-json\/wp\/v2\/types\/post"}],"author":[{"embeddable":true,"href":"https:\/\/www.europesays.com\/pt\/wp-json\/wp\/v2\/users\/2"}],"replies":[{"embeddable":true,"href":"https:\/\/www.europesays.com\/pt\/wp-json\/wp\/v2\/comments?post=322633"}],"version-history":[{"count":0,"href":"https:\/\/www.europesays.com\/pt\/wp-json\/wp\/v2\/posts\/322633\/revisions"}],"wp:featuredmedia":[{"embeddable":true,"href":"https:\/\/www.europesays.com\/pt\/wp-json\/wp\/v2\/media\/322634"}],"wp:attachment":[{"href":"https:\/\/www.europesays.com\/pt\/wp-json\/wp\/v2\/media?parent=322633"}],"wp:term":[{"taxonomy":"category","embeddable":true,"href":"https:\/\/www.europesays.com\/pt\/wp-json\/wp\/v2\/categories?post=322633"},{"taxonomy":"post_tag","embeddable":true,"href":"https:\/\/www.europesays.com\/pt\/wp-json\/wp\/v2\/tags?post=322633"}],"curies":[{"name":"wp","href":"https:\/\/api.w.org\/{rel}","templated":true}]}}