{"id":32361,"date":"2025-08-16T21:11:09","date_gmt":"2025-08-16T21:11:09","guid":{"rendered":"https:\/\/www.europesays.com\/pt\/32361\/"},"modified":"2025-08-16T21:11:09","modified_gmt":"2025-08-16T21:11:09","slug":"ator-de-pantanal-participa-de-cena-com-paolla-oliveira-em-vale-tudo-na-globo","status":"publish","type":"post","link":"https:\/\/www.europesays.com\/pt\/32361\/","title":{"rendered":"Ator de Pantanal participa de cena com Paolla Oliveira em Vale Tudo na Globo"},"content":{"rendered":"<p>Andr\u00e9 Trist\u00e3o marca presen\u00e7a em momento-chave da novela Vale Tudo como membro do AA<\/p>\n<p>Ator sul-mato-grossense Andr\u00e9 Trist\u00e3o participa de cena importante em &#8216;Vale Tudo&#8217;.  Ele interpretou Germano, um membro dos Alco\u00f3licos An\u00f4nimos, que compartilha sua hist\u00f3ria de luta contra o alcoolismo. A cena foi crucial para a personagem Heleninha, interpretada por Paolla Oliveira, que decide buscar ajuda para seu v\u00edcio.Trist\u00e3o, conhecido por seu trabalho no remake de &#8216;Pantanal&#8217; e no teatro de Campo Grande, soma mais uma participa\u00e7\u00e3o em produ\u00e7\u00e3o nacional.  Com projetos anteriores na s\u00e9rie &#8216;Cidade de Deus&#8217; e no filme &#8216;O Roubo do C\u00e3o&#8217;, o ator atualmente aprimora sua t\u00e9cnica em S\u00e3o Paulo.  A cena com Paolla Oliveira marca um ponto de virada para a personagem Heleninha, que reconhece seu problema ap\u00f3s ver o filho, Tiago, seguindo o mesmo caminho.<\/p>\n<p style=\"text-align: justify;\">O sul-mato-grossense Andr\u00e9 Trist\u00e3o, conhecido por sua atua\u00e7\u00e3o no remake de <a href=\"https:\/\/www.campograndenews.com.br\/pantanal\" target=\"_blank\" rel=\"nofollow noopener\">Pantanal<\/a> e pela carreira no teatro em Campo Grande, voltou a aparecer na TV em rede nacional. Na noite de sexta-feira (15), ele esteve no ar em uma cena decisiva da novela Vale Tudo, da TV Globo.<\/p>\n<p style=\"text-align: justify;\">Trist\u00e3o deu vida a Germano, personagem que surge em uma reuni\u00e3o dos Alco\u00f3licos An\u00f4nimos (A.A.), compartilhando sua luta contra a depend\u00eancia do \u00e1lcool. Foi no mesmo encontro que a personagem Heleninha, interpretada por Paolla Oliveira, decide iniciar um processo de transforma\u00e7\u00e3o. A cena, breve, trouxe intensidade com o testemunho de uma batalha silenciosa travada por milhares de pessoas.<\/p>\n<p style=\"text-align: justify;\">Essa n\u00e3o \u00e9 a primeira vez que Andr\u00e9 cruza fronteiras com seu talento. Al\u00e9m de <a href=\"https:\/\/www.campograndenews.com.br\/pantanal\" target=\"_blank\" rel=\"nofollow noopener\">Pantanal<\/a>, ele j\u00e1 participou da s\u00e9rie Cidade de Deus, da Max, e do filme O Roubo do C\u00e3o, ainda in\u00e9dito. Agora, soma mais um cap\u00edtulo \u00e0 sua trajet\u00f3ria em produ\u00e7\u00f5es nacionais.<\/p>\n<p style=\"text-align: justify;\">Atualmente, o ator est\u00e1 em S\u00e3o Paulo, onde desenvolve um projeto de interc\u00e2mbio art\u00edstico e atualiza\u00e7\u00e3o da t\u00e9cnica de Klaus Vianna, voltada \u00e0 prepara\u00e7\u00e3o corporal para a cena.<\/p>\n<p style=\"text-align: justify;\">Na trama, a participa\u00e7\u00e3o de Andr\u00e9 veio em um momento-chave. Heleninha, personagem de Paolla Oliveira, finalmente encara as consequ\u00eancias de seu v\u00edcio ao perceber Tiago (Pedro Waddington), seu filho, repetindo os mesmos passos. Incentivada pela Dra. Ana (Arieta Corr\u00eaa), ela busca ajuda no A.A. e come\u00e7a a assumir a responsabilidade por si e por ele.<\/p>\n<p>Acompanhe o<strong>\u00a0Lado B\u00a0<\/strong>no Instagram <a href=\"https:\/\/www.instagram.com\/ladobcgoficial\/\" rel=\"noopener noreferrer nofollow\" target=\"_blank\">@ladobcgoficial<\/a>, <a href=\"https:\/\/www.facebook.com\/ladobcg\" rel=\"noopener noreferrer nofollow\" target=\"_blank\">Facebook<\/a> e<a href=\"https:\/\/twitter.com\/ladobcg\" rel=\"noopener noreferrer nofollow\" target=\"_blank\">\u00a0Twitter<\/a>. Tem pauta para sugerir? Mande nas redes sociais ou no Direto das Ruas atrav\u00e9s do <a href=\"https:\/\/www.campograndenews.com.br\/fale-conosco\" target=\"_blank\" rel=\"nofollow noopener\">WhatsApp<\/a><a href=\"https:\/\/api.whatsapp.com\/send?phone=5567996699563&amp;text=&amp;source=&amp;data=&amp;app_absent=\" rel=\"noopener noreferrer nofollow\" target=\"_blank\">\u00a0(67) 99669-9563 (chame aqui)<\/a>.<\/p>\n<p>Receba as principais not\u00edcias do Estado pelo Whats. <a href=\"https:\/\/chat.whatsapp.com\/Kajn5WniqVnA7hsSUn6vbP*Wi-Fi\" rel=\"noopener noreferrer nofollow\" target=\"_blank\">Clique aqui para entrar na lista VIP do Campo Grande News<\/a>.<\/p>\n<p><script async src=\"https:\/\/platform.twitter.com\/widgets.js\" charset=\"utf-8\"><\/script><script async src=\"\/\/www.instagram.com\/embed.js\"><\/script><\/p>\n","protected":false},"excerpt":{"rendered":"Andr\u00e9 Trist\u00e3o marca presen\u00e7a em momento-chave da novela Vale Tudo como membro do AA Ator sul-mato-grossense Andr\u00e9 Trist\u00e3o&hellip;\n","protected":false},"author":2,"featured_media":32362,"comment_status":"","ping_status":"","sticky":false,"template":"","format":"standard","meta":{"footnotes":""},"categories":[142],"tags":[3952,10453,10449,3946,8161,10455,114,115,10456,10451,32,33,10454,10450,10448,2387,10457,151,2323,10452],"class_list":{"0":"post-32361","1":"post","2":"type-post","3":"status-publish","4":"format-standard","5":"has-post-thumbnail","7":"category-tv","8":"tag-feira","9":"tag-aparecer","10":"tag-atuao","11":"tag-campo","12":"tag-carreira","13":"tag-cena-decisiva","14":"tag-entertainment","15":"tag-entretenimento","16":"tag-novela-vale","17":"tag-pantanal","18":"tag-portugal","19":"tag-pt","20":"tag-rede-nacional","21":"tag-remake","22":"tag-sul-mato-grossense-andr-tristo","23":"tag-teatro","24":"tag-tristo-deu-vida","25":"tag-tv","26":"tag-tv-globo","27":"tag-voltou"},"share_on_mastodon":{"url":"","error":""},"_links":{"self":[{"href":"https:\/\/www.europesays.com\/pt\/wp-json\/wp\/v2\/posts\/32361","targetHints":{"allow":["GET"]}}],"collection":[{"href":"https:\/\/www.europesays.com\/pt\/wp-json\/wp\/v2\/posts"}],"about":[{"href":"https:\/\/www.europesays.com\/pt\/wp-json\/wp\/v2\/types\/post"}],"author":[{"embeddable":true,"href":"https:\/\/www.europesays.com\/pt\/wp-json\/wp\/v2\/users\/2"}],"replies":[{"embeddable":true,"href":"https:\/\/www.europesays.com\/pt\/wp-json\/wp\/v2\/comments?post=32361"}],"version-history":[{"count":0,"href":"https:\/\/www.europesays.com\/pt\/wp-json\/wp\/v2\/posts\/32361\/revisions"}],"wp:featuredmedia":[{"embeddable":true,"href":"https:\/\/www.europesays.com\/pt\/wp-json\/wp\/v2\/media\/32362"}],"wp:attachment":[{"href":"https:\/\/www.europesays.com\/pt\/wp-json\/wp\/v2\/media?parent=32361"}],"wp:term":[{"taxonomy":"category","embeddable":true,"href":"https:\/\/www.europesays.com\/pt\/wp-json\/wp\/v2\/categories?post=32361"},{"taxonomy":"post_tag","embeddable":true,"href":"https:\/\/www.europesays.com\/pt\/wp-json\/wp\/v2\/tags?post=32361"}],"curies":[{"name":"wp","href":"https:\/\/api.w.org\/{rel}","templated":true}]}}