{"id":323907,"date":"2026-03-30T01:08:08","date_gmt":"2026-03-30T01:08:08","guid":{"rendered":"https:\/\/www.europesays.com\/pt\/323907\/"},"modified":"2026-03-30T01:08:08","modified_gmt":"2026-03-30T01:08:08","slug":"aos-75-anos-faustao-rouba-a-cena-em-rara-aparicao-no-aniversario-da-filha-familia-linda","status":"publish","type":"post","link":"https:\/\/www.europesays.com\/pt\/323907\/","title":{"rendered":"Aos 75 anos, Faust\u00e3o rouba a cena em rara apari\u00e7\u00e3o no anivers\u00e1rio da filha: &#8216;Fam\u00edlia linda&#8217;"},"content":{"rendered":"<p>O apresentador <a href=\"https:\/\/caras.com.br\/tags\/faustao\" target=\"_blank\" rel=\"noopener nofollow\" data-mrf-link=\"https:\/\/caras.com.br\/tags\/faustao\"><strong>Faust\u00e3o<\/strong><\/a> encantou os f\u00e3s <a href=\"https:\/\/caras.com.br\/atualidades\/quem-sao-os-filhos-de-faustao-herdeiros-do-apresentador-tambem-sao-artistas.phtml\" rel=\"nofollow noopener\" target=\"_blank\">ao surgir em uma foto in\u00e9dita<\/a>\u00a0 ao lado da fam\u00edlia. O registro foi compartilhado nas redes sociais por seu filho do meio, o apresentador <a href=\"https:\/\/caras.com.br\/tags\/joao-silva\" target=\"_blank\" rel=\"noopener nofollow\" data-mrf-link=\"https:\/\/caras.com.br\/tags\/joao-silva\"><strong>Jo\u00e3o Silva<\/strong><\/a>, neste domingo, 29.<\/p>\n<p>O encontro reuniu os parentes para celebrar o anivers\u00e1rio de <strong>Lara Silva,<\/strong> filha de Faust\u00e3o com a artista pl\u00e1stica <strong>Magda Colares<\/strong>, que completou mais um ano de vida. Na imagem, o apresentador aparece ao lado dos tr\u00eas filhos e do genro, o apresentador <strong><a href=\"https:\/\/caras.com.br\/tags\/julinho-casares\" rel=\"nofollow noopener\" target=\"_blank\">Julinho Casares.<\/a><\/strong><\/p>\n<p>Na legenda da publica\u00e7\u00e3o, Jo\u00e3o Silva escreveu uma declara\u00e7\u00e3o para a irm\u00e3. \u201cAnivers\u00e1rio da minha irm\u00e3 que admiro profundamente, como ela mesmo diz \u201ca gente se ama n\u00e3o apesar das nossas diferen\u00e7as, mas justamente por elas\u201d, escreveu ele.<\/p>\n<p>Nos coment\u00e1rios, f\u00e3s celebraram o registro raro. \u201cParab\u00e9ns pra Lara. Faust\u00e3o t\u00e1 com rostinho \u00f3timo\u201d, escreveu uma seguidora. \u201cAhhhhhh nosso Faust\u00e3o lindo! Meu e do Brasil\u201d, comentou outra. \u201cFam\u00edlia linda\u201d, disse mais uma internauta.<\/p>\n<p>Vale lembrar que Lara \u00e9 filha do veterano com a artista pl\u00e1stica <strong>Magda Colares,<\/strong> com quem o apresentador foi casado entre 1990 e 2000. Posteriormente, o comunicador oficializou uni\u00e3o com <strong>Luciana Cardoso<\/strong>, m\u00e3e de Jo\u00e3o, de 22 anos, e Rodrigo, de 18.<\/p>\n<p> <img loading=\"lazy\" decoding=\"async\" class=\"size-full wp-image-1094571 img-fluid lazy\" alt=\"Filhos de Faust\u00e3o - Foto: Reprodu\u00e7\u00e3o\/Instagram\" width=\"1080\" height=\"1440\" src=\"https:\/\/www.europesays.com\/pt\/wp-content\/uploads\/2026\/03\/SaveClip.App_657326701_18454850788129871_5728364401785246136_n.jpg\"  \/>Filhos de Faust\u00e3o \u2013 Foto: Reprodu\u00e7\u00e3o\/Instagram <img loading=\"lazy\" decoding=\"async\" class=\"size-full wp-image-1094572 img-fluid lazy\" alt=\"Faust\u00e3o com a fam\u00edlia - Foto: Reprodu\u00e7\u00e3o\/Instagram\" width=\"1080\" height=\"1440\" src=\"https:\/\/www.europesays.com\/pt\/wp-content\/uploads\/2026\/03\/SaveClip.App_658703082_18454850791129871_8570165853161356150_n.jpg\"  \/>Faust\u00e3o com a fam\u00edlia \u2013 Foto: Reprodu\u00e7\u00e3o\/Instagram A sa\u00fade de Faust\u00e3o <\/p>\n<p>Desde que deixou a televis\u00e3o, o apresentador enfrentou uma s\u00e9rie de desafios de sa\u00fade e passou por transplantes de quatro \u00f3rg\u00e3os. Al\u00e9m disso, em agosto de 2023, o apresentador foi submetido a um transplante de cora\u00e7\u00e3o. Seis meses depois, em fevereiro de 2024, ele realizou um transplante de rim.<\/p>\n<p>J\u00e1 em maio do ano passado, Faust\u00e3o voltou a ser internado para novos cuidados m\u00e9dicos. No in\u00edcio de agosto de 2025, o comunicador passou por mais dois transplantes, desta vez de rim e f\u00edgado.<\/p>\n<p>Posteriormente, em outubro, Lara Silva falou sobre como<a href=\"https:\/\/caras.com.br\/bem-estar\/filha-de-faustao-revela-como-esta-saude-do-pai-apos-transplantes-esta.phtml\" rel=\"nofollow noopener\" target=\"_blank\"> est\u00e1 sendo a recupera\u00e7\u00e3o do p<\/a>ai ap\u00f3s os procedimentos. \u201cEle est\u00e1 super bem, se recuperando bem. \u00c9 um processo super longo, mas eu fiquei feliz que ele conseguiu estar comigo em um dia t\u00e3o especial, que foi o meu casamento\u201d, detalhou.<\/p>\n<p>Leia tamb\u00e9m:\u00a0<a href=\"https:\/\/caras.com.br\/atualidades\/saiba-quem-e-a-ex-mulher-de-faustao-que-chamou-atencao-no-casamento-da-filha.phtml\" rel=\"nofollow noopener\" target=\"_blank\">Saiba quem \u00e9 a ex-mulher de Faust\u00e3o que chamou aten\u00e7\u00e3o com look rosa no casamento da filha<\/a><\/p>\n<p> <img loading=\"lazy\" decoding=\"async\" class=\"size-full wp-image-1078093 img-fluid lazy\" alt=\"Faust\u00e3o - Foto: Reprodu\u00e7\u00e3o\/Instagram @julinhocasares\" width=\"1920\" height=\"1080\" src=\"https:\/\/www.europesays.com\/pt\/wp-content\/uploads\/2026\/03\/faustao.jpg\"  \/>Faust\u00e3o \u2013 Foto: Reprodu\u00e7\u00e3o\/Instagram @julinhocasares <\/p>\n<blockquote class=\"instagram-media\" style=\"background: #FFF; border: 0; border-radius: 3px; box-shadow: 0 0 1px 0 rgba(0,0,0,0.5),0 1px 10px 0 rgba(0,0,0,0.15); margin: 1px; max-width: 540px; min-width: 326px; padding: 0; width: calc(100% - 2px);\" data-instgrm-captioned=\"\" data-instgrm-permalink=\"https:\/\/www.instagram.com\/p\/DWfB5SCFCF2\/?utm_source=ig_embed&amp;utm_campaign=loading\" data-instgrm-version=\"14\"><\/blockquote>\n<p>        <a href=\"https:\/\/caras.com.br\/autor\/juliana-dracz\" rel=\"nofollow noopener\" target=\"_blank\">&#13;<br \/>\n          <img loading=\"lazy\" decoding=\"async\" alt=\"Juliana Dracz\" src=\"https:\/\/www.europesays.com\/pt\/wp-content\/uploads\/2026\/02\/436551461_2434711450057729_5105646040807821088_n_sqmd.png\" class=\"avatar avatar-115 photo rounded-circle\" height=\"115\" width=\"115\"\/>        <\/a><\/p>\n<p>Juliana Dracz \u00e9 rep\u00f3rter de conte\u00fado do site CARAS. Formada em Jornalismo pela Universidade Cat\u00f3lica de Bras\u00edlia, ela j\u00e1 trabalhou em grandes sites de entretenimento. Atualmente, escreve sobre novelas, celebridades e TV.<\/p>\n<p>\t                                            <script async src=\"\/\/www.instagram.com\/embed.js\"><\/script><\/p>\n","protected":false},"excerpt":{"rendered":"O apresentador Faust\u00e3o encantou os f\u00e3s ao surgir em uma foto in\u00e9dita\u00a0 ao lado da fam\u00edlia. O registro&hellip;\n","protected":false},"author":2,"featured_media":323908,"comment_status":"","ping_status":"","sticky":false,"template":"","format":"standard","meta":{"footnotes":"","_share_on_mastodon":"0"},"categories":[145],"tags":[211,210,114,115,6456,5275,20358,32,33],"class_list":["post-323907","post","type-post","status-publish","format-standard","has-post-thumbnail","category-celebridades","tag-celebridades","tag-celebrities","tag-entertainment","tag-entretenimento","tag-faustao","tag-joao-silva","tag-lara-silva","tag-portugal","tag-pt"],"share_on_mastodon":{"url":"https:\/\/pubeurope.com\/@pt\/116315455768856839","error":""},"_links":{"self":[{"href":"https:\/\/www.europesays.com\/pt\/wp-json\/wp\/v2\/posts\/323907","targetHints":{"allow":["GET"]}}],"collection":[{"href":"https:\/\/www.europesays.com\/pt\/wp-json\/wp\/v2\/posts"}],"about":[{"href":"https:\/\/www.europesays.com\/pt\/wp-json\/wp\/v2\/types\/post"}],"author":[{"embeddable":true,"href":"https:\/\/www.europesays.com\/pt\/wp-json\/wp\/v2\/users\/2"}],"replies":[{"embeddable":true,"href":"https:\/\/www.europesays.com\/pt\/wp-json\/wp\/v2\/comments?post=323907"}],"version-history":[{"count":0,"href":"https:\/\/www.europesays.com\/pt\/wp-json\/wp\/v2\/posts\/323907\/revisions"}],"wp:featuredmedia":[{"embeddable":true,"href":"https:\/\/www.europesays.com\/pt\/wp-json\/wp\/v2\/media\/323908"}],"wp:attachment":[{"href":"https:\/\/www.europesays.com\/pt\/wp-json\/wp\/v2\/media?parent=323907"}],"wp:term":[{"taxonomy":"category","embeddable":true,"href":"https:\/\/www.europesays.com\/pt\/wp-json\/wp\/v2\/categories?post=323907"},{"taxonomy":"post_tag","embeddable":true,"href":"https:\/\/www.europesays.com\/pt\/wp-json\/wp\/v2\/tags?post=323907"}],"curies":[{"name":"wp","href":"https:\/\/api.w.org\/{rel}","templated":true}]}}