{"id":324592,"date":"2026-03-30T17:53:07","date_gmt":"2026-03-30T17:53:07","guid":{"rendered":"https:\/\/www.europesays.com\/pt\/324592\/"},"modified":"2026-03-30T17:53:07","modified_gmt":"2026-03-30T17:53:07","slug":"bebe-desaparecido-ha-dez-dias-foi-encontrado-pela-pj-na-nazare","status":"publish","type":"post","link":"https:\/\/www.europesays.com\/pt\/324592\/","title":{"rendered":"Beb\u00e9 desaparecido h\u00e1 dez dias foi encontrado pela PJ na Nazar\u00e9"},"content":{"rendered":"<p data-remotead-prev-elm=\"true\" data-remotead-elm-id=\"inread\">A PJ, atrav\u00e9s da Unidade Nacional Contra Terrorismo, conduziu as buscas pelo beb\u00e9 e &#8220;em menos de 24 horas&#8221; encontrou-o com a m\u00e3e na Nazar\u00e9.<\/p>\n<p data-remotead-prev-elm=\"true\" data-remotead-elm-id=\"inread2\">Segundo a PJ, o beb\u00e9 tinha sido retirado pela incapacidade, por parte da m\u00e3e, de &#8220;proporcionar cuidados b\u00e1sicos, como higiene, alimenta\u00e7\u00e3o e vestu\u00e1rio e, ainda, a exist\u00eancia de rea\u00e7\u00f5es agressivas por parte desta, que colocavam em risco o rec\u00e9m-nascido&#8221;.<\/p>\n<p>Encaminhado para uma institui\u00e7\u00e3o da Santa Casa da Miseric\u00f3rdia, foi dado como desaparecido pela CPCJ de Santar\u00e9m \u00e0 PSP.<\/p>\n","protected":false},"excerpt":{"rendered":"A PJ, atrav\u00e9s da Unidade Nacional Contra Terrorismo, conduziu as buscas pelo beb\u00e9 e &#8220;em menos de 24&hellip;\n","protected":false},"author":2,"featured_media":188057,"comment_status":"","ping_status":"","sticky":false,"template":"","format":"standard","meta":{"footnotes":"","_share_on_mastodon":"0"},"categories":[10],"tags":[27,28,37133,21158,15,16,14,603,25,26,21,22,12,13,19,20,4107,32,23,24,33,519,17,18,29,30,31],"class_list":["post-324592","post","type-post","status-publish","format-standard","has-post-thumbnail","category-portugal","tag-breaking-news","tag-breakingnews","tag-cpcj","tag-desaparecimento","tag-featured-news","tag-featurednews","tag-headlines","tag-justica","tag-latest-news","tag-latestnews","tag-main-news","tag-mainnews","tag-news","tag-noticias","tag-noticias-principais","tag-noticiasprincipais","tag-pj","tag-portugal","tag-principais-noticias","tag-principaisnoticias","tag-pt","tag-santarem","tag-top-stories","tag-topstories","tag-ultimas","tag-ultimas-noticias","tag-ultimasnoticias"],"share_on_mastodon":{"url":"https:\/\/pubeurope.com\/@pt\/116319408878600436","error":""},"_links":{"self":[{"href":"https:\/\/www.europesays.com\/pt\/wp-json\/wp\/v2\/posts\/324592","targetHints":{"allow":["GET"]}}],"collection":[{"href":"https:\/\/www.europesays.com\/pt\/wp-json\/wp\/v2\/posts"}],"about":[{"href":"https:\/\/www.europesays.com\/pt\/wp-json\/wp\/v2\/types\/post"}],"author":[{"embeddable":true,"href":"https:\/\/www.europesays.com\/pt\/wp-json\/wp\/v2\/users\/2"}],"replies":[{"embeddable":true,"href":"https:\/\/www.europesays.com\/pt\/wp-json\/wp\/v2\/comments?post=324592"}],"version-history":[{"count":0,"href":"https:\/\/www.europesays.com\/pt\/wp-json\/wp\/v2\/posts\/324592\/revisions"}],"wp:featuredmedia":[{"embeddable":true,"href":"https:\/\/www.europesays.com\/pt\/wp-json\/wp\/v2\/media\/188057"}],"wp:attachment":[{"href":"https:\/\/www.europesays.com\/pt\/wp-json\/wp\/v2\/media?parent=324592"}],"wp:term":[{"taxonomy":"category","embeddable":true,"href":"https:\/\/www.europesays.com\/pt\/wp-json\/wp\/v2\/categories?post=324592"},{"taxonomy":"post_tag","embeddable":true,"href":"https:\/\/www.europesays.com\/pt\/wp-json\/wp\/v2\/tags?post=324592"}],"curies":[{"name":"wp","href":"https:\/\/api.w.org\/{rel}","templated":true}]}}