{"id":324602,"date":"2026-03-30T18:02:09","date_gmt":"2026-03-30T18:02:09","guid":{"rendered":"https:\/\/www.europesays.com\/pt\/324602\/"},"modified":"2026-03-30T18:02:09","modified_gmt":"2026-03-30T18:02:09","slug":"fccr-abre-inscricoes-para-o-curso-arte-e-fotografia","status":"publish","type":"post","link":"https:\/\/www.europesays.com\/pt\/324602\/","title":{"rendered":"FCCR abre inscri\u00e7\u00f5es para o curso \u2018Arte e Fotografia&#8217;"},"content":{"rendered":"<p>&#13;<br \/>\n                        <b>Jo\u00e3o Paulo Sardinha<\/b><br \/>&#13;<br \/>\n                Funda\u00e7\u00e3o Cultural Cassiano Ricardo&#13;\n            <\/p>\n<p>*Colaborou a estagi\u00e1ria Giovanna Morais<\/p>\n<p>A Funda\u00e7\u00e3o Cultural Cassiano Ricardo abre nesta ter\u00e7a-feira (31) as inscri\u00e7\u00f5es para o curso \u201cArte e Fotografia: Conex\u00f5es Hist\u00f3ricas\u201d, que ser\u00e1 ministrado pelo professor Guilherme Tosetto, no Museu Municipal.<\/p>\n<p>As inscri\u00e7\u00f5es ser\u00e3o feitas exclusivamente pelo aplicativo S\u00e3o Jos\u00e9 Viva at\u00e9 o dia 7 de abril. As aulas acontecem entre 9 de abril e 21 de maio, sempre \u00e0s quintas-feiras, das 19h \u00e0s 21h.<\/p>\n<p>O curso oferece 120 vagas para professores, educadores, alunos e interessados em arte e fotografia. Para participar do curso \u00e9 necess\u00e1rio ter mais de 16 anos.<\/p>\n<p>As aulas ser\u00e3o realizadas nos dias 9, 16, 23 de abril e 7, 14 e 21 de maio, das 19h \u00e0s 21h<\/p>\n<p>Sobre o curso<\/p>\n<p>O curso oferece uma introdu\u00e7\u00e3o \u00e0s rela\u00e7\u00f5es entre a hist\u00f3ria da arte e o desenvolvimento da fotografia, mostrando como essas linguagens se influenciam e se transformam ao longo do tempo. A proposta \u00e9 apresentar a fotografia como uma linguagem central no campo das artes visuais.<\/p>\n<p>Ao longo das aulas, o curso percorre a produ\u00e7\u00e3o art\u00edstica do s\u00e9culo XIX \u00e0 contemporaneidade e \u00e0 cultura digital, destacando o papel da fotografia nas principais mudan\u00e7as est\u00e9ticas e nos modos de cria\u00e7\u00e3o de imagens. Com base em refer\u00eancias visuais e exemplos concretos, os participantes desenvolvem um olhar mais atento e informado sobre a imagem.<\/p>\n<p>Em um contexto marcado pela intensa produ\u00e7\u00e3o e circula\u00e7\u00e3o de imagens, o curso re\u00fane conhecimento hist\u00f3rico, reflex\u00e3o cr\u00edtica e repert\u00f3rio visual, oferecendo ferramentas para compreender como arte e fotografia se articulam h\u00e1 s\u00e9culos e seguem fundamentais na constru\u00e7\u00e3o da nossa experi\u00eancia cultural.<\/p>\n<p>Doutor<\/p>\n<p>Guilherme Tosetto \u00e9 doutor em Belas Artes, Mestre em Multimeios com especializa\u00e7\u00e3o em Fotografia e graduado em Comunica\u00e7\u00e3o Social. Atualmente, \u00e9 professor em uma institui\u00e7\u00e3o de ensino superior em S\u00e3o Paulo e atua profissionalmente como editor de imagens, tendo trabalhado em importantes ve\u00edculos de comunica\u00e7\u00e3o como a Folha de S.Paulo e a Rede Globo.<\/p>\n<p>Servi\u00e7o<\/p>\n<p><strong>Museu Municipal<\/strong><\/p>\n<p>Pra\u00e7a Afonso Pena, 29, Centro<\/p>\n<p>WhatsApp para tirar d\u00favidas: (12) 99740-4427<\/p>\n<p>&#13;<br \/>\n                    <strong>MAIS NOT\u00cdCIAS<\/strong><br \/>&#13;<br \/>\n                    <a href=\"https:\/\/www.sjc.sp.gov.br\/noticias\/?tema=16\" rel=\"nofollow noopener\" target=\"_blank\">Funda\u00e7\u00e3o Cultural Cassiano Ricardo<\/a>&#13;\n                <\/p>\n","protected":false},"excerpt":{"rendered":"&#13; Jo\u00e3o Paulo Sardinha&#13; Funda\u00e7\u00e3o Cultural Cassiano Ricardo&#13; *Colaborou a estagi\u00e1ria Giovanna Morais A Funda\u00e7\u00e3o Cultural Cassiano Ricardo&hellip;\n","protected":false},"author":2,"featured_media":324603,"comment_status":"","ping_status":"","sticky":false,"template":"","format":"standard","meta":{"footnotes":"","_share_on_mastodon":"0"},"categories":[86],"tags":[1300,116,3048,32,3046,33,3049,117,3047],"class_list":["post-324602","post","type-post","status-publish","format-standard","has-post-thumbnail","category-saude","tag-cidade","tag-health","tag-online","tag-portugal","tag-prefeitura","tag-pt","tag-so-jos-dos-campos","tag-saude","tag-servios"],"share_on_mastodon":{"url":"https:\/\/pubeurope.com\/@pt\/116319443069004757","error":""},"_links":{"self":[{"href":"https:\/\/www.europesays.com\/pt\/wp-json\/wp\/v2\/posts\/324602","targetHints":{"allow":["GET"]}}],"collection":[{"href":"https:\/\/www.europesays.com\/pt\/wp-json\/wp\/v2\/posts"}],"about":[{"href":"https:\/\/www.europesays.com\/pt\/wp-json\/wp\/v2\/types\/post"}],"author":[{"embeddable":true,"href":"https:\/\/www.europesays.com\/pt\/wp-json\/wp\/v2\/users\/2"}],"replies":[{"embeddable":true,"href":"https:\/\/www.europesays.com\/pt\/wp-json\/wp\/v2\/comments?post=324602"}],"version-history":[{"count":0,"href":"https:\/\/www.europesays.com\/pt\/wp-json\/wp\/v2\/posts\/324602\/revisions"}],"wp:featuredmedia":[{"embeddable":true,"href":"https:\/\/www.europesays.com\/pt\/wp-json\/wp\/v2\/media\/324603"}],"wp:attachment":[{"href":"https:\/\/www.europesays.com\/pt\/wp-json\/wp\/v2\/media?parent=324602"}],"wp:term":[{"taxonomy":"category","embeddable":true,"href":"https:\/\/www.europesays.com\/pt\/wp-json\/wp\/v2\/categories?post=324602"},{"taxonomy":"post_tag","embeddable":true,"href":"https:\/\/www.europesays.com\/pt\/wp-json\/wp\/v2\/tags?post=324602"}],"curies":[{"name":"wp","href":"https:\/\/api.w.org\/{rel}","templated":true}]}}