{"id":324614,"date":"2026-03-30T18:10:09","date_gmt":"2026-03-30T18:10:09","guid":{"rendered":"https:\/\/www.europesays.com\/pt\/324614\/"},"modified":"2026-03-30T18:10:09","modified_gmt":"2026-03-30T18:10:09","slug":"10-frases-de-van-gogh-que-revelam-a-alma-de-um-genio-atormentado","status":"publish","type":"post","link":"https:\/\/www.europesays.com\/pt\/324614\/","title":{"rendered":"10 frases de Van Gogh que revelam a alma de um g\u00eanio atormentado"},"content":{"rendered":"<p><img  loading=\"lazy\" class=\"lazy-load-img\"\/><\/p>\n<p>O pintor Vincent Van Gogh \u00a0Foto:  Good Dead Entertainment<\/p>\n<p data-component-name=\"paragraph\" class=\"styles__ParagraphStyled-sc-6adecn-0 kdCuzP  \">Nesta segunda-feira, 30, comemora-se 173 anos de nascimento de <a href=\"https:\/\/www.estadao.com.br\/tudo-sobre\/van-gogh\/?srsltid=AfmBOoqAObGeCeVB2KlkPoTqZwxBe3NEdgtzCgOmvg3t4dEDAIqUQ6HF\" target=\"_blank\" rel=\"nofollow noopener\" title=\"https:\/\/www.estadao.com.br\/tudo-sobre\/van-gogh\/?srsltid=AfmBOoqAObGeCeVB2KlkPoTqZwxBe3NEdgtzCgOmvg3t4dEDAIqUQ6HF\"> <strong>Vincent van Gogh<\/strong><\/a>. Considerado um dos nomes mais influentes da hist\u00f3ria da arte ocidental, o pintor p\u00f3s-impressionista produziu mais de duas mil obras em pouco mais de uma d\u00e9cada, muitas delas criadas nos \u00faltimos anos de sua vida.<\/p>\n<p data-component-name=\"paragraph\" class=\"styles__ParagraphStyled-sc-6adecn-0 kdCuzP  \">Hoje, suas pinturas s\u00e3o celebradas mundialmente. Em vida, por\u00e9m, Van Gogh enfrentou a solid\u00e3o, dificuldades financeiras e crises profundas de sa\u00fade mental, sendo visto muitas vezes como um fracasso.<\/p>\n<p>As cartas que revelam quem ele realmente era<\/p>\n<p>Muito do que se sabe sobre Van Gogh vai al\u00e9m de suas telas. Sua correspond\u00eancia, especialmente com o irm\u00e3o Theo, revela um artista sens\u00edvel, reflexivo e profundamente inquieto.<\/p>\n<p>As cartas funcionam quase como um di\u00e1rio, nelas o pintor compartilha ang\u00fastias, ideias sobre arte e sua forma intensa de enxergar o mundo.<\/p>\n<p data-component-name=\"paragraph\" class=\"styles__ParagraphStyled-sc-6adecn-0 kdCuzP  \">Esse acervo pode ser explorado at\u00e9 hoje por meio do projeto do <strong>Van Gogh Museum<\/strong>, que re\u00fane e disponibiliza digitalmente os manuscritos, transcri\u00e7\u00f5es e tradu\u00e7\u00f5es, permitindo um mergulho na mente do artista.<\/p>\n<p>Entre a arte e a dor<\/p>\n<p data-component-name=\"paragraph\" class=\"styles__ParagraphStyled-sc-6adecn-0 kdCuzP  \">Dono de um estilo \u00fanico, com cores vibrantes e pinceladas expressivas, ele ajudou a moldar as bases da arte moderna.<\/p>\n<p><img  loading=\"lazy\" class=\"lazy-load-img\"\/><\/p>\n<p>Cartas de Vincent van Gogh que revelam seus pensamentos, emo\u00e7\u00f5es e a forma intensa como enxergava a vida\u00a0Foto:  Three Mills Studios<\/p>\n<p data-component-name=\"paragraph\" class=\"styles__ParagraphStyled-sc-6adecn-0 kdCuzP  \">Ao mesmo tempo, viveu epis\u00f3dios de sofrimento ps\u00edquico, isolamento e instabilidade. Sua hist\u00f3ria acabou alimentando a imagem do \u201cg\u00eanio incompreendido\u201d, aquele em que criatividade e dor parecem caminhar lado a lado.<\/p>\n<p>10 frases de Van Gogh que revelam sua ess\u00eancia<\/p>\n<ol>\n<li class=\"small-item \">\u201cPode-se ter, no mais profundo do alma, um cora\u00e7\u00e3o c\u00e1lido, e no entanto, pode ser que ningu\u00e9m chegue at\u00e9 ele.\u201d<\/li>\n<li class=\"small-item \">\u201cS\u00e3o vastas extens\u00f5es de trigo sob c\u00e9us tempestuosos e n\u00e3o tive dificuldades para expressar a tristeza e a extrema solid\u00e3o.\u201d<\/li>\n<li class=\"small-item \">\u201cA tristeza durar\u00e1 para sempre.\u201d<\/li>\n<li class=\"small-item \">\u201cEu trato de estar alegre, mas minha vida tamb\u00e9m est\u00e1 amea\u00e7ada em suas mesmas ra\u00edzes e meus passos s\u00e3o igualmente vacilantes.\u201d<\/li>\n<li class=\"small-item \">\u201cPrefiro morrer de paix\u00e3o a morrer de t\u00e9dio.\u201d<\/li>\n<li class=\"small-item \">\u201cTanto na vida como na pintura, posso muito bem ficar sem Deus; mas n\u00e3o posso, sem sofrer, ficar sem algo que \u00e9 maior do que eu, que significa a minha vida inteira: a for\u00e7a de criar.\u201d<\/li>\n<li class=\"small-item \">\u201cSe voc\u00ea fosse pouco s\u00e9rio e pouco profundo, eu poderia temer que isso n\u00e3o durasse muito. Mas como acredito que voc\u00ea seja muito s\u00e9rio e muito profundo, sou levado a crer que isto durar\u00e1.\u201d<\/li>\n<li class=\"small-item \"> \u201cO cora\u00e7\u00e3o do homem \u00e9 muito parecido com o mar, ele tem suas tempestades, suas mar\u00e9s e suas profundezas; ele tem suas p\u00e9rolas tamb\u00e9m.\u201d<\/li>\n<li class=\"small-item \">\u201cUm grande fogo queima dentro de mim, mas ningu\u00e9m para para se aquecer nele, e quem passa apenas v\u00ea um pouco de fuma\u00e7a.\u201d<\/li>\n<li class=\"small-item \">\u201c\u00c0s vezes, penso que h\u00e1 uma tristeza infinita no mundo, mas ainda assim, h\u00e1 tanto para amar\u201d. <\/li>\n<\/ol>\n","protected":false},"excerpt":{"rendered":"O pintor Vincent Van Gogh \u00a0Foto: Good Dead Entertainment Nesta segunda-feira, 30, comemora-se 173 anos de nascimento de&hellip;\n","protected":false},"author":2,"featured_media":324615,"comment_status":"","ping_status":"","sticky":false,"template":"","format":"standard","meta":{"footnotes":"","_share_on_mastodon":"0"},"categories":[144],"tags":[50041,207,205,206,203,201,202,204,114,115,2732,32,33],"class_list":["post-324614","post","type-post","status-publish","format-standard","has-post-thumbnail","category-arte-e-design","tag-alias","tag-arte","tag-arte-e-design","tag-artedesign","tag-arts","tag-arts-and-design","tag-artsanddesign","tag-design","tag-entertainment","tag-entretenimento","tag-geral","tag-portugal","tag-pt"],"share_on_mastodon":{"url":"https:\/\/pubeurope.com\/@pt\/116319474597887115","error":""},"_links":{"self":[{"href":"https:\/\/www.europesays.com\/pt\/wp-json\/wp\/v2\/posts\/324614","targetHints":{"allow":["GET"]}}],"collection":[{"href":"https:\/\/www.europesays.com\/pt\/wp-json\/wp\/v2\/posts"}],"about":[{"href":"https:\/\/www.europesays.com\/pt\/wp-json\/wp\/v2\/types\/post"}],"author":[{"embeddable":true,"href":"https:\/\/www.europesays.com\/pt\/wp-json\/wp\/v2\/users\/2"}],"replies":[{"embeddable":true,"href":"https:\/\/www.europesays.com\/pt\/wp-json\/wp\/v2\/comments?post=324614"}],"version-history":[{"count":0,"href":"https:\/\/www.europesays.com\/pt\/wp-json\/wp\/v2\/posts\/324614\/revisions"}],"wp:featuredmedia":[{"embeddable":true,"href":"https:\/\/www.europesays.com\/pt\/wp-json\/wp\/v2\/media\/324615"}],"wp:attachment":[{"href":"https:\/\/www.europesays.com\/pt\/wp-json\/wp\/v2\/media?parent=324614"}],"wp:term":[{"taxonomy":"category","embeddable":true,"href":"https:\/\/www.europesays.com\/pt\/wp-json\/wp\/v2\/categories?post=324614"},{"taxonomy":"post_tag","embeddable":true,"href":"https:\/\/www.europesays.com\/pt\/wp-json\/wp\/v2\/tags?post=324614"}],"curies":[{"name":"wp","href":"https:\/\/api.w.org\/{rel}","templated":true}]}}