{"id":3251,"date":"2025-07-27T00:51:16","date_gmt":"2025-07-27T00:51:16","guid":{"rendered":"https:\/\/www.europesays.com\/pt\/3251\/"},"modified":"2025-07-27T00:51:16","modified_gmt":"2025-07-27T00:51:16","slug":"detalhe-informacao-lisboa","status":"publish","type":"post","link":"https:\/\/www.europesays.com\/pt\/3251\/","title":{"rendered":"detalhe &#8211; Informa\u00e7\u00e3o Lisboa"},"content":{"rendered":"<p>Lisboa assinala os 27 anos da abertura da Expo\u00b498 com a abertura de novos espa\u00e7os culturais no Pavilh\u00e3o de Portugal \u2013 resultantes de uma parceria entre a C\u00e2mara Municipal de Lisboa (CML), a Universidade de Lisboa e a Junta de Freguesia do Parque das Na\u00e7\u00f5es: uma biblioteca, uma sala de estudo e um centro interpretativo.<\/p>\n<p>A sala de estudo, a funcionar durante as 24 horas do dia, \u00e9 aberta a todos os estudantes e gerida pela Universidade de Lisboa. Ainda no Torre\u00e3o Norte, o Centro Interpretativo do Parque das Na\u00e7\u00f5es, da responsabilidade da junta de freguesia, d\u00e1 a conhecer a transforma\u00e7\u00e3o da zona oriental de Lisboa, desde antes da exposi\u00e7\u00e3o universal de 1998.<\/p>\n<p>Ant\u00f3nio Mega Ferreira, um dos impulsionadores da Expo\u201998, d\u00e1 nome \u00e0 biblioteca municipal que agora acolhe a cole\u00e7\u00e3o de livros por ele doada \u00e0 cidade.<\/p>\n<p>Hoje, salientou Carlos Moedas, presidente da CML, Mega Ferreira d\u00e1-nos &#8220;algo \u00fanico: A sua biblioteca. Os seus livros. O seu mundo\u201d. Na inaugura\u00e7\u00e3o, com a presen\u00e7a de familiares de Mega Ferreira, o presidente da CML lembrou o homem &#8220;que nos deu muito mais do que aquilo que lhe demos. Que deu mais \u00e0 cidade do que aquilo que lhe pediu. E hoje est\u00e1 mais uma vez a faz\u00ea-lo&#8221;.<\/p>\n<p>Nele, acrescentou o autarca, \u201cjuntaram-se duas dimens\u00f5es da vida, que \u00e9 t\u00e3o raro vermos juntas: a do intelectual e a do fazedor\u201d.<\/p>\n<p>Ant\u00f3nio Mega Ferreira morreu em Lisboa, a 26 de dezembro de 2022, aos 73 anos. Escritor, gestor cultural e jornalista, foi tamb\u00e9m tradutor, poeta, ensa\u00edsta, editor, tendo um percurso dedicado \u00e0 comunica\u00e7\u00e3o, \u00e0 escrita e \u00e0 gest\u00e3o de institui\u00e7\u00f5es e projetos culturais.<\/p>\n<p>Assumiu fun\u00e7\u00f5es relevantes na candidatura de Lisboa \u00e0 Expo\u201998 \u2013 de que foi comiss\u00e1rio executivo \u2013, um projeto transformador da cidade, em particular da sua zona oriental.<\/p>\n","protected":false},"excerpt":{"rendered":"Lisboa assinala os 27 anos da abertura da Expo\u00b498 com a abertura de novos espa\u00e7os culturais no Pavilh\u00e3o&hellip;\n","protected":false},"author":2,"featured_media":3252,"comment_status":"","ping_status":"","sticky":false,"template":"","format":"standard","meta":{"footnotes":""},"categories":[143],"tags":[169,114,115,170,32,33],"class_list":{"0":"post-3251","1":"post","2":"type-post","3":"status-publish","4":"format-standard","5":"has-post-thumbnail","7":"category-livros","8":"tag-books","9":"tag-entertainment","10":"tag-entretenimento","11":"tag-livros","12":"tag-portugal","13":"tag-pt"},"share_on_mastodon":{"url":"","error":""},"_links":{"self":[{"href":"https:\/\/www.europesays.com\/pt\/wp-json\/wp\/v2\/posts\/3251","targetHints":{"allow":["GET"]}}],"collection":[{"href":"https:\/\/www.europesays.com\/pt\/wp-json\/wp\/v2\/posts"}],"about":[{"href":"https:\/\/www.europesays.com\/pt\/wp-json\/wp\/v2\/types\/post"}],"author":[{"embeddable":true,"href":"https:\/\/www.europesays.com\/pt\/wp-json\/wp\/v2\/users\/2"}],"replies":[{"embeddable":true,"href":"https:\/\/www.europesays.com\/pt\/wp-json\/wp\/v2\/comments?post=3251"}],"version-history":[{"count":0,"href":"https:\/\/www.europesays.com\/pt\/wp-json\/wp\/v2\/posts\/3251\/revisions"}],"wp:featuredmedia":[{"embeddable":true,"href":"https:\/\/www.europesays.com\/pt\/wp-json\/wp\/v2\/media\/3252"}],"wp:attachment":[{"href":"https:\/\/www.europesays.com\/pt\/wp-json\/wp\/v2\/media?parent=3251"}],"wp:term":[{"taxonomy":"category","embeddable":true,"href":"https:\/\/www.europesays.com\/pt\/wp-json\/wp\/v2\/categories?post=3251"},{"taxonomy":"post_tag","embeddable":true,"href":"https:\/\/www.europesays.com\/pt\/wp-json\/wp\/v2\/tags?post=3251"}],"curies":[{"name":"wp","href":"https:\/\/api.w.org\/{rel}","templated":true}]}}