{"id":325883,"date":"2026-03-31T17:11:13","date_gmt":"2026-03-31T17:11:13","guid":{"rendered":"https:\/\/www.europesays.com\/pt\/325883\/"},"modified":"2026-03-31T17:11:13","modified_gmt":"2026-03-31T17:11:13","slug":"casa-impressa-em-3d-de-dois-andares-e-concluida","status":"publish","type":"post","link":"https:\/\/www.europesays.com\/pt\/325883\/","title":{"rendered":"Casa impressa em 3D de dois andares \u00e9 conclu\u00edda"},"content":{"rendered":"<p><img decoding=\"async\" fetchpriority=\"high\" src=\"https:\/\/www.europesays.com\/pt\/wp-content\/uploads\/2026\/03\/9ypvdp50ggxykike99xigx010.jpg\" width=\"906\" height=\"509\" alt=\"O exterior da casa de dois andares, com 50 m\u00b2, impressa em 3D, apresenta paredes de concreto em camadas e geometria curva.\" title=\"O exterior da casa de dois andares, com 50 m\u00b2, impressa em 3D, apresenta paredes de concreto em camadas e geometria curva.\"\/>Cobod\/Onocom<\/p>\n<p>O exterior da casa de dois andares, com 50 m\u00b2, impressa em 3D, apresenta paredes de concreto em camadas e geometria curva.<\/p>\n<p>A primeira <strong>casa de dois andares impressa em <a href=\"https:\/\/ultimosegundo.ig.com.br\/brasil\/rj\/2026-03-12\/video--policia-desarticula--fabrica--de-armas-3d-em-todo-o-pais.html\" target=\"_blank\" rel=\"noopener nofollow\" data-mce-href=\"https:\/\/ultimosegundo.ig.com.br\/brasil\/rj\/2026-03-12\/video--policia-desarticula--fabrica--de-armas-3d-em-todo-o-pais.html\" data-mce->3D<\/a> <\/strong>\u00a0com concreto refor\u00e7ado do <strong>Jap\u00e3o<\/strong> foi <strong>conclu\u00edda<\/strong> na prov\u00edncia de <strong>Miyagi<\/strong>, marcando um avan\u00e7o significativo na constru\u00e7\u00e3o civil. O projeto atende \u00e0s rigorosas <strong>exig\u00eancias s\u00edsmicas do governo japon\u00eas<\/strong>, um fator essencial em um pa\u00eds frequentemente afetado por <strong>terremotos<\/strong>. As informa\u00e7\u00f5es s\u00e3o do Global Construction Review.<\/p>\n<p>A resid\u00eancia foi desenvolvida pela startup de impress\u00e3o em concreto Kizuki, em parceria com a construtora Onocom. Para viabilizar a obra, foi utilizada uma impressora 3D personalizada da empresa dinamarquesa Cobod, capaz de operar desde meio metro abaixo do solo at\u00e9 uma altura de sete metros. Essa tecnologia permitiu que a constru\u00e7\u00e3o fosse realizada com precis\u00e3o e efici\u00eancia, mesmo em condi\u00e7\u00f5es clim\u00e1ticas variadas.<\/p>\n<p><img decoding=\"async\" fetchpriority=\"high\" src=\"https:\/\/www.europesays.com\/pt\/wp-content\/uploads\/2026\/03\/brbceniacpk4vfw26h0egnjye.jpg\" width=\"906\" height=\"509\" alt=\"Vista interior do quarto principal com banheiro privativo.\" title=\"Vista interior do quarto principal com banheiro privativo.\"\/>Cobod\/Onocom<\/p>\n<p>Vista interior do quarto principal com banheiro privativo.<\/p>\n<p>A casa impressa em 3D<\/p>\n<p>Ao todo, foram utilizados 39 metros c\u00fabicos de material para erguer uma estrutura com \u00e1rea total de 50 metros quadrados. A equipe respons\u00e1vel pelo processo contou com quatro profissionais, que operaram o equipamento em temperaturas que variaram de 10\u00b0C a mais de 35\u00b0C, demonstrando a versatilidade do m\u00e9todo.<\/p>\n<p>O im\u00f3vel possui 31 metros quadrados no t\u00e9rreo e 19 metros quadrados no andar superior. O design chama aten\u00e7\u00e3o por sua inspira\u00e7\u00e3o em cavernas, com arcos impressos longitudinalmente, al\u00e9m de lajes que comp\u00f5em o piso e o teto. Elementos internos tamb\u00e9m foram produzidos por impress\u00e3o 3D, seguindo uma geometria curva que refor\u00e7a o conceito arquitet\u00f4nico inovador.<\/p>\n<p>De acordo com comunicado divulgado pelos respons\u00e1veis, o projeto comprova que o concreto refor\u00e7ado impresso em 3D pode ser uma alternativa vi\u00e1vel \u00e0 constru\u00e7\u00e3o tradicional em madeira, especialmente em regi\u00f5es sujeitas a abalos s\u00edsmicos. A estrutura atendeu plenamente aos crit\u00e9rios exigidos, refor\u00e7ando a confiabilidade da tecnologia.<\/p>\n<p>A CEO da Kizuki, Rika Igarashi, afirmou que a empresa pretende expandir o uso da impress\u00e3o 3D para outras \u00e1reas. Entre os planos est\u00e3o aplica\u00e7\u00f5es em obras civis, infraestrutura de preven\u00e7\u00e3o de desastres, projetos de defesa e reconstru\u00e7\u00e3o p\u00f3s-cat\u00e1strofes. A companhia tamb\u00e9m trabalha no desenvolvimento de um programa de treinamento para constru\u00e7\u00e3o e em um sistema digital de gest\u00e3o, com o objetivo de tornar o setor mais sustent\u00e1vel.<\/p>\n<p>Henrik Lund-Nielsen, gerente geral da Cobod, destacou que o Jap\u00e3o possui algumas das normas s\u00edsmicas mais rigorosas do mundo. Segundo ele, a aprova\u00e7\u00e3o governamental da casa de dois andares refor\u00e7a que a impress\u00e3o 3D na constru\u00e7\u00e3o j\u00e1 est\u00e1 pronta para projetos que exigem alta precis\u00e3o estrutural e qualidade consistente, mesmo em \u00e1reas de risco.<\/p>\n","protected":false},"excerpt":{"rendered":"Cobod\/Onocom O exterior da casa de dois andares, com 50 m\u00b2, impressa em 3D, apresenta paredes de concreto&hellip;\n","protected":false},"author":2,"featured_media":325884,"comment_status":"","ping_status":"","sticky":false,"template":"","format":"standard","meta":{"footnotes":"","_share_on_mastodon":"0"},"categories":[144],"tags":[1770,207,205,206,203,201,202,2019,204,114,115,56963,461,32,56962,33],"class_list":["post-325883","post","type-post","status-publish","format-standard","has-post-thumbnail","category-arte-e-design","tag-3d","tag-arte","tag-arte-e-design","tag-artedesign","tag-arts","tag-arts-and-design","tag-artsanddesign","tag-casa","tag-design","tag-entertainment","tag-entretenimento","tag-impressa","tag-japao","tag-portugal","tag-projeto-inovador","tag-pt"],"share_on_mastodon":{"url":"https:\/\/pubeurope.com\/@pt\/116324905158310250","error":""},"_links":{"self":[{"href":"https:\/\/www.europesays.com\/pt\/wp-json\/wp\/v2\/posts\/325883","targetHints":{"allow":["GET"]}}],"collection":[{"href":"https:\/\/www.europesays.com\/pt\/wp-json\/wp\/v2\/posts"}],"about":[{"href":"https:\/\/www.europesays.com\/pt\/wp-json\/wp\/v2\/types\/post"}],"author":[{"embeddable":true,"href":"https:\/\/www.europesays.com\/pt\/wp-json\/wp\/v2\/users\/2"}],"replies":[{"embeddable":true,"href":"https:\/\/www.europesays.com\/pt\/wp-json\/wp\/v2\/comments?post=325883"}],"version-history":[{"count":0,"href":"https:\/\/www.europesays.com\/pt\/wp-json\/wp\/v2\/posts\/325883\/revisions"}],"wp:featuredmedia":[{"embeddable":true,"href":"https:\/\/www.europesays.com\/pt\/wp-json\/wp\/v2\/media\/325884"}],"wp:attachment":[{"href":"https:\/\/www.europesays.com\/pt\/wp-json\/wp\/v2\/media?parent=325883"}],"wp:term":[{"taxonomy":"category","embeddable":true,"href":"https:\/\/www.europesays.com\/pt\/wp-json\/wp\/v2\/categories?post=325883"},{"taxonomy":"post_tag","embeddable":true,"href":"https:\/\/www.europesays.com\/pt\/wp-json\/wp\/v2\/tags?post=325883"}],"curies":[{"name":"wp","href":"https:\/\/api.w.org\/{rel}","templated":true}]}}