{"id":326047,"date":"2026-03-31T19:47:08","date_gmt":"2026-03-31T19:47:08","guid":{"rendered":"https:\/\/www.europesays.com\/pt\/326047\/"},"modified":"2026-03-31T19:47:08","modified_gmt":"2026-03-31T19:47:08","slug":"localizado-narcotunel-labirintico-e-sofisticado-entre-marrocos-e-ceuta","status":"publish","type":"post","link":"https:\/\/www.europesays.com\/pt\/326047\/","title":{"rendered":"Localizado &#8220;narcot\u00fanel&#8221; labir\u00edntico e sofisticado entre Marrocos e Ceuta"},"content":{"rendered":"<p data-remotead-prev-elm=\"true\" data-remotead-elm-id=\"inread\">O &#8220;&#8221;narcot\u00fanel&#8221; labir\u00edntico, com tr\u00eas n\u00edveis, carris, vag\u00f5es e sistemas de roldanas e gruas&#8221; foi localizado em Ceuta dentro de uma opera\u00e7\u00e3o para desmantelar &#8220;a rede das redes de haxixe&#8221;, revelou hoje a Pol\u00edcia Nacional de Espanha, num comunicado.<\/p>\n<p data-remotead-prev-elm=\"true\" data-remotead-elm-id=\"inread2\">A opera\u00e7\u00e3o envolveu 250 pol\u00edcias e culminou com a deten\u00e7\u00e3o de 29 pessoas e a apreens\u00e3o, em v\u00e1rias fases da investiga\u00e7\u00e3o, que se prolongou por mais de um ano, de mais de 17 toneladas de droga, 1.430.000 euros em dinheiro e 15 ve\u00edculos de luxo.<\/p>\n<p><img decoding=\"async\" class=\"ngx-body\" guid=\"47d19d1f-11b9-48b4-90b4-ecf918ff37bc\" src=\"https:\/\/www.europesays.com\/pt\/wp-content\/uploads\/2026\/03\/1774986428_52_image.webp.webp\" width=\"100%\"\/>Foto: Policia Nacional \/ AFP<\/p>\n<p>Segundo a pol\u00edcia, o t\u00fanel para passar droga entre Marrocos e Espanha, uma &#8220;infraestrutura complexa&#8221;, estava sob um armaz\u00e9m industrial e &#8220;camuflado por tr\u00e1s de um refrigerador insonorizado de grandes dimens\u00f5es&#8221;.<\/p>\n<p data-remotead-prev-elm=\"true\" data-remotead-elm-id=\"centro1\">&#8220;Tinha tr\u00eas n\u00edveis: po\u00e7o de descida, uma c\u00e2mara interm\u00e9dia para armazenar fardos e uma linha final&#8221; que levava a territ\u00f3rio marroquino, num &#8220;desenho elaborado&#8221; que permitia transferir o haxixe entre os dois pa\u00edses &#8220;sem contacto visual direto&#8221; entre os envolvidos no tr\u00e1fico.<\/p>\n<p>&#8220;Para o correto funcionamento [do t\u00fanel], a organiza\u00e7\u00e3o tinha instalado sistemas de bombagem e insonoriza\u00e7\u00e3o que mantinham a infraestrutura operacional sem levantar suspeitas&#8221;, relatou a pol\u00edcia espanhola.<\/p>\n<p>O t\u00fanel \u00e9 um &#8220;labirinto pr\u00f3prio de uma mina&#8221; e &#8220;estava perfeitamente estruturado, com vag\u00f5es que se moviam atrav\u00e9s de um sistema de carris de constru\u00e7\u00e3o complexa e pr\u00f3prio de obras de engenharia perfeitamente desenhadas&#8221;, real\u00e7ou.<\/p>\n<p data-remotead-prev-elm=\"true\" data-remotead-elm-id=\"centro2\">As autoridades est\u00e3o ainda a trabalhar na retirada de \u00e1gua do t\u00fanel, que est\u00e1 parcialmente inundado, pelo que n\u00e3o foi revelada a dimens\u00e3o total da estrutura.<\/p>\n<p>A rede criminosa era liderada por duas pessoas, uma delas em Marrocos e outra em Espanha.<\/p>\n<p>Segundo a pol\u00edcia espanhola, o l\u00edder no lado marroquino era &#8220;considerado o &#8216;narcoarquitecto&#8217; e o &#8216;patr\u00e3o dos t\u00faneis'&#8221;, sendo tamb\u00e9m suspeito de ser o respons\u00e1vel por um outro t\u00fanel entre Marrocos e Ceuta descoberto no ano passado.<\/p>\n<p data-remotead-prev-elm=\"true\" data-remotead-elm-id=\"centro3\">O l\u00edder no lado espanhol era &#8220;o dono de toda a droga apreendida&#8221;.<\/p>\n<p>Esta opera\u00e7\u00e3o policial desenrolou-se ao longo de v\u00e1rias fases e em v\u00e1rias cidades de Espanha, depois de as autoridades terem identificado, em fevereiro de 2025, &#8220;uma organiza\u00e7\u00e3o criminosa instalada em Ceuta com capacidade para movimentar grandes quantidades de haxixe&#8221; para territ\u00f3rio continental de Espanha, atrav\u00e9s de embarca\u00e7\u00f5es de alta velocidade.<\/p>\n","protected":false},"excerpt":{"rendered":"O &#8220;&#8221;narcot\u00fanel&#8221; labir\u00edntico, com tr\u00eas n\u00edveis, carris, vag\u00f5es e sistemas de roldanas e gruas&#8221; foi localizado em Ceuta&hellip;\n","protected":false},"author":2,"featured_media":326048,"comment_status":"","ping_status":"","sticky":false,"template":"","format":"standard","meta":{"footnotes":"","_share_on_mastodon":"0"},"categories":[50],"tags":[27,28,9087,15,16,14,25,26,21,22,1959,62,7808,12,13,19,20,23,24,17,18,29,30,31,63,64,65],"class_list":["post-326047","post","type-post","status-publish","format-standard","has-post-thumbnail","category-mundo","tag-breaking-news","tag-breakingnews","tag-ceuta","tag-featured-news","tag-featurednews","tag-headlines","tag-latest-news","tag-latestnews","tag-main-news","tag-mainnews","tag-marrocos","tag-mundo","tag-narcotrafico","tag-news","tag-noticias","tag-noticias-principais","tag-noticiasprincipais","tag-principais-noticias","tag-principaisnoticias","tag-top-stories","tag-topstories","tag-ultimas","tag-ultimas-noticias","tag-ultimasnoticias","tag-world","tag-world-news","tag-worldnews"],"share_on_mastodon":{"url":"https:\/\/pubeurope.com\/@pt\/116325518339136985","error":""},"_links":{"self":[{"href":"https:\/\/www.europesays.com\/pt\/wp-json\/wp\/v2\/posts\/326047","targetHints":{"allow":["GET"]}}],"collection":[{"href":"https:\/\/www.europesays.com\/pt\/wp-json\/wp\/v2\/posts"}],"about":[{"href":"https:\/\/www.europesays.com\/pt\/wp-json\/wp\/v2\/types\/post"}],"author":[{"embeddable":true,"href":"https:\/\/www.europesays.com\/pt\/wp-json\/wp\/v2\/users\/2"}],"replies":[{"embeddable":true,"href":"https:\/\/www.europesays.com\/pt\/wp-json\/wp\/v2\/comments?post=326047"}],"version-history":[{"count":0,"href":"https:\/\/www.europesays.com\/pt\/wp-json\/wp\/v2\/posts\/326047\/revisions"}],"wp:featuredmedia":[{"embeddable":true,"href":"https:\/\/www.europesays.com\/pt\/wp-json\/wp\/v2\/media\/326048"}],"wp:attachment":[{"href":"https:\/\/www.europesays.com\/pt\/wp-json\/wp\/v2\/media?parent=326047"}],"wp:term":[{"taxonomy":"category","embeddable":true,"href":"https:\/\/www.europesays.com\/pt\/wp-json\/wp\/v2\/categories?post=326047"},{"taxonomy":"post_tag","embeddable":true,"href":"https:\/\/www.europesays.com\/pt\/wp-json\/wp\/v2\/tags?post=326047"}],"curies":[{"name":"wp","href":"https:\/\/api.w.org\/{rel}","templated":true}]}}