{"id":32621,"date":"2025-08-17T01:18:08","date_gmt":"2025-08-17T01:18:08","guid":{"rendered":"https:\/\/www.europesays.com\/pt\/32621\/"},"modified":"2025-08-17T01:18:08","modified_gmt":"2025-08-17T01:18:08","slug":"lideres-do-nordic-baltic-8-apoiam-decisao-final-da-ucrania","status":"publish","type":"post","link":"https:\/\/www.europesays.com\/pt\/32621\/","title":{"rendered":"L\u00edderes do Nordic-Baltic 8 apoiam decis\u00e3o final da Ucr\u00e2nia"},"content":{"rendered":"<p>        Num comunicado conjunto os pa\u00edses afirmam que est\u00e3o \u201cprontos para contribuir diplomaticamente para o trabalho de paz\u201d e garantem que v\u00e3o \u201cmanter o apoio militar e financeiro \u00e0 Ucr\u00e2nia\u201d. \u201cContinuaremos a defender e impor medidas restritivas contra a Federa\u00e7\u00e3o russa\u201d, referem.    <\/p>\n<p>Os Nordic-Baltic 8, composto pela Dinamarca, Est\u00f3nia, Finl\u00e2ndia, Su\u00e9cia, Noruega, Litu\u00e2nia, Let\u00f3nia e Isl\u00e2ndia, agradeceram a iniciativa do presidente norte-americano, Donald Trump, de chegar ao fim da guerra entre a Ucr\u00e2nia e a R\u00fassia.<\/p>\n<p>Num comunicado conjunto os pa\u00edses afirmam que est\u00e3o \u201cprontos para contribuir diplomaticamente para o trabalho de paz\u201d e garantem que v\u00e3o \u201cmanter o apoio militar e financeiro \u00e0 Ucr\u00e2nia\u201d. \u201cContinuaremos a defender e impor medidas restritivas contra a Federa\u00e7\u00e3o russa\u201d, referem.<\/p>\n<p>Segundo o comunicado, os pa\u00edses sublinham que \u201ca paz s\u00f3 vir\u00e1 atrav\u00e9s de uma combina\u00e7\u00e3o de diplomacia determinada, apoio \u00e0 Ucr\u00e2nia e uma press\u00e3o constante \u00e0 Federa\u00e7\u00e3o russa\u201d.<\/p>\n<p>A solu\u00e7\u00e3o diplom\u00e1tica \u201cdeve salvaguardar os interesses vitais da Ucr\u00e2nia e da Europa\u201d, referem os pa\u00edses, sendo que esses interesses \u201cincluem garantias de seguran\u00e7a robustas e confi\u00e1veis, que permitam \u00e0 Ucr\u00e2nia defender eficazmente a sua soberania e integridade territorial\u201d.<\/p>\n<p>O grupo salienta ainda que \u201cas fronteiras internacionais n\u00e3o devem ser alteradas pela for\u00e7a\u201d e que nenhuma decis\u00e3o sobre a Ucr\u00e2nia pode ser feita sem esta.<\/p>\n","protected":false},"excerpt":{"rendered":"Num comunicado conjunto os pa\u00edses afirmam que est\u00e3o \u201cprontos para contribuir diplomaticamente para o trabalho de paz\u201d e&hellip;\n","protected":false},"author":2,"featured_media":32622,"comment_status":"","ping_status":"","sticky":false,"template":"","format":"standard","meta":{"footnotes":""},"categories":[50],"tags":[260,27,28,15,16,830,14,25,26,21,22,62,12,13,19,20,10514,23,24,839,17,18,840,29,30,31,63,64,65],"class_list":{"0":"post-32621","1":"post","2":"type-post","3":"status-publish","4":"format-standard","5":"has-post-thumbnail","7":"category-mundo","8":"tag-atualidade","9":"tag-breaking-news","10":"tag-breakingnews","11":"tag-featured-news","12":"tag-featurednews","13":"tag-guerra","14":"tag-headlines","15":"tag-latest-news","16":"tag-latestnews","17":"tag-main-news","18":"tag-mainnews","19":"tag-mundo","20":"tag-news","21":"tag-noticias","22":"tag-noticias-principais","23":"tag-noticiasprincipais","24":"tag-paises","25":"tag-principais-noticias","26":"tag-principaisnoticias","27":"tag-russia","28":"tag-top-stories","29":"tag-topstories","30":"tag-ucrania","31":"tag-ultimas","32":"tag-ultimas-noticias","33":"tag-ultimasnoticias","34":"tag-world","35":"tag-world-news","36":"tag-worldnews"},"share_on_mastodon":{"url":"","error":""},"_links":{"self":[{"href":"https:\/\/www.europesays.com\/pt\/wp-json\/wp\/v2\/posts\/32621","targetHints":{"allow":["GET"]}}],"collection":[{"href":"https:\/\/www.europesays.com\/pt\/wp-json\/wp\/v2\/posts"}],"about":[{"href":"https:\/\/www.europesays.com\/pt\/wp-json\/wp\/v2\/types\/post"}],"author":[{"embeddable":true,"href":"https:\/\/www.europesays.com\/pt\/wp-json\/wp\/v2\/users\/2"}],"replies":[{"embeddable":true,"href":"https:\/\/www.europesays.com\/pt\/wp-json\/wp\/v2\/comments?post=32621"}],"version-history":[{"count":0,"href":"https:\/\/www.europesays.com\/pt\/wp-json\/wp\/v2\/posts\/32621\/revisions"}],"wp:featuredmedia":[{"embeddable":true,"href":"https:\/\/www.europesays.com\/pt\/wp-json\/wp\/v2\/media\/32622"}],"wp:attachment":[{"href":"https:\/\/www.europesays.com\/pt\/wp-json\/wp\/v2\/media?parent=32621"}],"wp:term":[{"taxonomy":"category","embeddable":true,"href":"https:\/\/www.europesays.com\/pt\/wp-json\/wp\/v2\/categories?post=32621"},{"taxonomy":"post_tag","embeddable":true,"href":"https:\/\/www.europesays.com\/pt\/wp-json\/wp\/v2\/tags?post=32621"}],"curies":[{"name":"wp","href":"https:\/\/api.w.org\/{rel}","templated":true}]}}