{"id":326295,"date":"2026-04-01T00:12:27","date_gmt":"2026-04-01T00:12:27","guid":{"rendered":"https:\/\/www.europesays.com\/pt\/326295\/"},"modified":"2026-04-01T00:12:27","modified_gmt":"2026-04-01T00:12:27","slug":"secret-story-antes-de-sair-joao-faz-pedido-misterioso-ao-ouvido-de-sara-saiba-o-que-disse","status":"publish","type":"post","link":"https:\/\/www.europesays.com\/pt\/326295\/","title":{"rendered":"Secret Story &#8211; Antes de sair, Jo\u00e3o faz pedido misterioso ao ouvido de Sara. Saiba o que disse"},"content":{"rendered":"<p>Para surpresa de muitos, <strong>Jo\u00e3o Santos<\/strong> foi <a href=\"https:\/\/www.novagente.pt\/secret-story-por-esta-ninguem-esperava-este-expulso-da-noite\" rel=\"nofollow noopener\" target=\"_blank\">o concorrente expulso<\/a> da gala da <strong>Casa dos Segredos<\/strong> deste domingo, 29 de mar\u00e7o. Esta semana, <strong>Cristina Ferreira<\/strong> decidiu anunciar os salvos pela ordem correta e o duelo final ficou entre <strong>Sara e o lutador de wrestling.<\/strong><\/p>\n<p>No momento da despedida, <strong>o profissional de Massam\u00e1<\/strong> sussurrou algumas palavras ao ouvido da esteticista e entre elas acabou por fazer um pedido.<\/p>\n<blockquote>\n<p>Leia tamb\u00e9m: Secret Story &#8211; <a href=\"http:\/\/novagente.pt\/secret-story-diogo-deixa-eva-em-choque-ariana-pessoa-mais-importante-para-mim\" rel=\"nofollow noopener\" target=\"_blank\">Diogo deixa Eva em choque: &#8220;A Ariana \u00e9 a pessoa mais importante para mim&#8221;<\/a><\/p>\n<\/blockquote>\n<p><strong>\u201cLembraste do que eu te disse? Bora, lembra-te daquilo que eu te disse. Por favor\u201d<\/strong>, repetiu v\u00e1rias vezes \u00e0 concorrente. <strong>\u201cEstou a contar contigo\u201d<\/strong>, referiu ainda. Ao que Sara respondeu enquanto chorava no ombro: &#8220;N\u00e3o quero\u201d.<\/p>\n<p>O ex-concorrente pediu para se manter calma e assegurou que estava \u201ctudo bem\u201d. <strong>\u201cLembra-te daquilo que eu te disse. Est\u00e1 bem? Por favor. Fazes isso por mim?\u201d<\/strong>, pediu\u00a0uma \u00faltima vez.<\/p>\n<p>Antes de sair da antec\u00e2mara, a jovem de Sintra pediu-lhe tamb\u00e9m um\u00a0favor e informa\u00e7\u00e3o pessoal acabou por ser revelada.<\/p>\n<p><strong>\u201cManda um beijinho ao meu filho, \u00e0 minha fam\u00edlia, \u00e0s minhas amigas\u2026 E aos meus primos, que tu conheces e eu n\u00e3o sabia\u201d<\/strong>, disse entre gargalhadas chorosas.<\/p>\n<p>\u00a0<\/p>\n<p>Texto: Carolina Charrua; Fotos: Redes sociais<\/p>\n<p class=\"intagram-text\">Siga a Nova Gente no Instagram<\/p>\n<p>                        <a href=\"https:\/\/www.instagram.com\/revistanovagente\/\" target=\"_blank\" aria-label=\"instagram\" rel=\"noopener nofollow\"><img decoding=\"async\" style=\"display: block; margin-left: auto; margin-right: auto; width: 250px; height: 83px;\" src=\"https:\/\/www.europesays.com\/pt\/wp-content\/uploads\/2025\/11\/Instagram_NG.png\" alt=\"instagram\"\/><\/a><br \/>\n                    <script async src=\"\/\/www.instagram.com\/embed.js\"><\/script><\/p>\n","protected":false},"excerpt":{"rendered":"Para surpresa de muitos, Jo\u00e3o Santos foi o concorrente expulso da gala da Casa dos Segredos deste domingo,&hellip;\n","protected":false},"author":2,"featured_media":326296,"comment_status":"","ping_status":"","sticky":false,"template":"","format":"standard","meta":{"footnotes":"","_share_on_mastodon":"0"},"categories":[85],"tags":[2632,166,114,115,1475,3734,32,33,42504,1315,162],"class_list":["post-326295","post","type-post","status-publish","format-standard","has-post-thumbnail","category-entretenimento","tag-casa-dos-segredos","tag-cristina-ferreira","tag-entertainment","tag-entretenimento","tag-joao","tag-pedido","tag-portugal","tag-pt","tag-sara","tag-secret-story","tag-tvi"],"share_on_mastodon":{"url":"","error":""},"_links":{"self":[{"href":"https:\/\/www.europesays.com\/pt\/wp-json\/wp\/v2\/posts\/326295","targetHints":{"allow":["GET"]}}],"collection":[{"href":"https:\/\/www.europesays.com\/pt\/wp-json\/wp\/v2\/posts"}],"about":[{"href":"https:\/\/www.europesays.com\/pt\/wp-json\/wp\/v2\/types\/post"}],"author":[{"embeddable":true,"href":"https:\/\/www.europesays.com\/pt\/wp-json\/wp\/v2\/users\/2"}],"replies":[{"embeddable":true,"href":"https:\/\/www.europesays.com\/pt\/wp-json\/wp\/v2\/comments?post=326295"}],"version-history":[{"count":0,"href":"https:\/\/www.europesays.com\/pt\/wp-json\/wp\/v2\/posts\/326295\/revisions"}],"wp:featuredmedia":[{"embeddable":true,"href":"https:\/\/www.europesays.com\/pt\/wp-json\/wp\/v2\/media\/326296"}],"wp:attachment":[{"href":"https:\/\/www.europesays.com\/pt\/wp-json\/wp\/v2\/media?parent=326295"}],"wp:term":[{"taxonomy":"category","embeddable":true,"href":"https:\/\/www.europesays.com\/pt\/wp-json\/wp\/v2\/categories?post=326295"},{"taxonomy":"post_tag","embeddable":true,"href":"https:\/\/www.europesays.com\/pt\/wp-json\/wp\/v2\/tags?post=326295"}],"curies":[{"name":"wp","href":"https:\/\/api.w.org\/{rel}","templated":true}]}}