{"id":326297,"date":"2026-04-01T00:15:14","date_gmt":"2026-04-01T00:15:14","guid":{"rendered":"https:\/\/www.europesays.com\/pt\/326297\/"},"modified":"2026-04-01T00:15:14","modified_gmt":"2026-04-01T00:15:14","slug":"encontrado-tunel-utilizado-para-transportar-droga-de-marrocos-para-espanha","status":"publish","type":"post","link":"https:\/\/www.europesays.com\/pt\/326297\/","title":{"rendered":"Encontrado t\u00fanel utilizado para transportar droga de Marrocos para Espanha"},"content":{"rendered":"<p>\n         Publicado a<br \/>\n            31\/03\/2026 &#8211; 13:42 GMT+2\n            <\/p>\n<p>As autoridades espanholas desmantelaram uma das maiores organiza\u00e7\u00f5es de tr\u00e1fico de droga dos \u00faltimos anos, depois de terem localizado uma complexa infraestrutura subterr\u00e2nea, em Ceuta, destinada a introduzir toneladas de haxixe em Espanha provenientes de Marrocos.<\/p>\n<p>          <img decoding=\"async\" class=\"c-ad__placeholder__logo\" src=\"https:\/\/static.euronews.com\/website\/images\/logos\/logo-euronews-stacked-outlined-72x72-grey-9.svg\" width=\"72\" height=\"72\" alt=\"\" loading=\"lazy\"\/><br \/>\n          PUBLICIDADE<\/p>\n<p>          <img decoding=\"async\" class=\"c-ad__placeholder__logo\" src=\"https:\/\/static.euronews.com\/website\/images\/logos\/logo-euronews-stacked-outlined-72x72-grey-9.svg\" width=\"72\" height=\"72\" alt=\"\" loading=\"lazy\"\/><br \/>\n          PUBLICIDADE<\/p>\n<p>&#8220;Uma vasta opera\u00e7\u00e3o da Pol\u00edcia Nacional contra a chamada &#8216;rede de redes do haxixe&#8217; dos investigadores levou \u00e0 localiza\u00e7\u00e3o em Ceuta de uma complexa infraestrutura subterr\u00e2nea destinada a introduzir toneladas de estupefacientes no nosso pa\u00eds&#8221;, afirmaram as autoridades espanholas em <a href=\"https:\/\/policia.es\/%5Fes\/comunicacion%5Fprensa%5Fdetalle.php?ID=16841\" target=\"_blank\" rel=\"noreferrer nofollow noopener\">comunicado<\/a>.<\/p>\n<p>A descoberta do t\u00fanel da droga, escondido debaixo de um edif\u00edcio industrial e camuflado atr\u00e1s de um grande frigor\u00edfico insonorizado, permitiu aos agentes desmantelar um corredor subterr\u00e2neo ao servi\u00e7o de organiza\u00e7\u00f5es criminosas internacionais.<\/p>\n<p>O t\u00fanel tinha uma conce\u00e7\u00e3o &#8220;labir\u00edntica&#8221; com tr\u00eas n\u00edveis: um po\u00e7o de descida, uma c\u00e2mara interm\u00e9dia para armazenar os fardos e uma linha final que ligava a Marrocos. Dispunha de sistemas de carris, vag\u00f5es, roldanas e gruas capazes de movimentar paletes de haxixe, o que permitia a movimenta\u00e7\u00e3o da droga &#8220;sem contacto visual direto entre os participantes no esconderijo&#8221;, segundo o comunicado da pol\u00edcia.<\/p>\n<p>Para o manter operacional, a rede tinha instalado potentes bombas de esgoto e um sofisticado sistema de insonoriza\u00e7\u00e3o para n\u00e3o levantar suspeitas, apesar da presen\u00e7a de \u00e1gua subterr\u00e2nea.<\/p>\n<p>A investiga\u00e7\u00e3o, iniciada em fevereiro de 2025, levou \u00e0 identifica\u00e7\u00e3o dos chefes da organiza\u00e7\u00e3o: um operava a partir de Marrocos, considerado o &#8220;narco-arquiteto&#8221; e &#8220;mestre dos t\u00faneis&#8221;, alegadamente ligado a outra infraestrutura semelhante descoberta no ano passado; o outro dirigia as opera\u00e7\u00f5es a partir de Ceuta, onde eram negociados os carregamentos e fechados os neg\u00f3cios, e era o propriet\u00e1rio da droga apreendida.<\/p>\n<p>Ao longo dos meses, os agentes documentaram a capacidade log\u00edstica do grupo para movimentar grandes carregamentos atrav\u00e9s de diferentes rotas. As apreens\u00f5es inclu\u00edram 510 quilos de haxixe na sequ\u00eancia de um inc\u00eandio numa casa no bairro do Pr\u00edncipe, 432 quilos em Cabrerizas Altas e um carregamento de 15 toneladas apreendido em junho, em Almer\u00eda, num reboque proveniente de Nador.<\/p>\n<p>A rede tamb\u00e9m utilizava embarca\u00e7\u00f5es r\u00e1pidas para contrabandear droga ao longo da costa andaluza e do rio Guadalquivir, tendo inclusivamente explorado rotas para a Galiza utilizando barcos de pesca.<\/p>\n<p>Com todas as provas recolhidas, foi ativada uma vasta opera\u00e7\u00e3o com mais de 250 agentes destacados na Andaluzia, Galiza e Ceuta. O balan\u00e7o final ascende a 27 detidos e mais de 17 toneladas de droga apreendida, bem como 1,43 milh\u00f5es de euros em dinheiro, 66 equipamentos de comunica\u00e7\u00e3o e 15 ve\u00edculos de luxo apreendidos.<\/p>\n","protected":false},"excerpt":{"rendered":"Publicado a 31\/03\/2026 &#8211; 13:42 GMT+2 As autoridades espanholas desmantelaram uma das maiores organiza\u00e7\u00f5es de tr\u00e1fico de droga&hellip;\n","protected":false},"author":2,"featured_media":326298,"comment_status":"","ping_status":"","sticky":false,"template":"","format":"standard","meta":{"footnotes":"","_share_on_mastodon":"0"},"categories":[50],"tags":[27,28,640,15,16,14,25,26,21,22,1959,62,7808,12,13,19,20,23,24,17,18,2953,29,30,31,63,64,65],"class_list":["post-326297","post","type-post","status-publish","format-standard","has-post-thumbnail","category-mundo","tag-breaking-news","tag-breakingnews","tag-espanha","tag-featured-news","tag-featurednews","tag-headlines","tag-latest-news","tag-latestnews","tag-main-news","tag-mainnews","tag-marrocos","tag-mundo","tag-narcotrafico","tag-news","tag-noticias","tag-noticias-principais","tag-noticiasprincipais","tag-principais-noticias","tag-principaisnoticias","tag-top-stories","tag-topstories","tag-trafico-de-droga","tag-ultimas","tag-ultimas-noticias","tag-ultimasnoticias","tag-world","tag-world-news","tag-worldnews"],"share_on_mastodon":{"url":"https:\/\/pubeurope.com\/@pt\/116326572119401417","error":""},"_links":{"self":[{"href":"https:\/\/www.europesays.com\/pt\/wp-json\/wp\/v2\/posts\/326297","targetHints":{"allow":["GET"]}}],"collection":[{"href":"https:\/\/www.europesays.com\/pt\/wp-json\/wp\/v2\/posts"}],"about":[{"href":"https:\/\/www.europesays.com\/pt\/wp-json\/wp\/v2\/types\/post"}],"author":[{"embeddable":true,"href":"https:\/\/www.europesays.com\/pt\/wp-json\/wp\/v2\/users\/2"}],"replies":[{"embeddable":true,"href":"https:\/\/www.europesays.com\/pt\/wp-json\/wp\/v2\/comments?post=326297"}],"version-history":[{"count":0,"href":"https:\/\/www.europesays.com\/pt\/wp-json\/wp\/v2\/posts\/326297\/revisions"}],"wp:featuredmedia":[{"embeddable":true,"href":"https:\/\/www.europesays.com\/pt\/wp-json\/wp\/v2\/media\/326298"}],"wp:attachment":[{"href":"https:\/\/www.europesays.com\/pt\/wp-json\/wp\/v2\/media?parent=326297"}],"wp:term":[{"taxonomy":"category","embeddable":true,"href":"https:\/\/www.europesays.com\/pt\/wp-json\/wp\/v2\/categories?post=326297"},{"taxonomy":"post_tag","embeddable":true,"href":"https:\/\/www.europesays.com\/pt\/wp-json\/wp\/v2\/tags?post=326297"}],"curies":[{"name":"wp","href":"https:\/\/api.w.org\/{rel}","templated":true}]}}