{"id":32639,"date":"2025-08-17T01:38:13","date_gmt":"2025-08-17T01:38:13","guid":{"rendered":"https:\/\/www.europesays.com\/pt\/32639\/"},"modified":"2025-08-17T01:38:13","modified_gmt":"2025-08-17T01:38:13","slug":"explosao-de-emocoes-catarina-miranda-grita-ao-ver-aviao-big-brother","status":"publish","type":"post","link":"https:\/\/www.europesays.com\/pt\/32639\/","title":{"rendered":"Explos\u00e3o de emo\u00e7\u00f5es: Catarina Miranda grita ao ver avi\u00e3o &#8211; Big Brother"},"content":{"rendered":"<p style=\"margin-bottom:11px\">No Big Brother Ver\u00e3o, Catarina Miranda recebeu uma mensagem especial vinda dos c\u00e9us. Ao ver o avi\u00e3o com a faixa, n\u00e3o conteve a emo\u00e7\u00e3o e reagiu aos gritos.<\/p>\n<p>Esta semana, h\u00e1 quatro concorrentes em risco de expuls\u00e3o. Vote para salvar o seu favorito:<\/p>\n<p>AFONSO LEIT\u00c3O \u2013 761 20 20 01<br \/>KINA \u2013 761 20 20 08<br \/>VIRIATO \u2013 761 20 20 13<br \/>F\u00c1BIO PAIM \u2013 761 20 20 14<\/p>\n<p><a href=\"https:\/\/tvi.iol.pt\/bigbrother\/aominuto\" wbo-id=\"33\" rel=\"nofollow noopener\" target=\"_blank\">Acompanhe tudo o que se passa na casa mais vigiada do pa\u00eds aqui!<\/a><\/p>\n","protected":false},"excerpt":{"rendered":"No Big Brother Ver\u00e3o, Catarina Miranda recebeu uma mensagem especial vinda dos c\u00e9us. Ao ver o avi\u00e3o com&hellip;\n","protected":false},"author":2,"featured_media":32640,"comment_status":"","ping_status":"","sticky":false,"template":"","format":"standard","meta":{"footnotes":""},"categories":[142],"tags":[331,48,329,333,328,335,336,114,115,334,332,330,13,32,33,151,162,227],"class_list":{"0":"post-32639","1":"post","2":"type-post","3":"status-publish","4":"format-standard","5":"has-post-thumbnail","7":"category-tv","8":"tag-big","9":"tag-big-brother","10":"tag-claudio-ramos","11":"tag-comentadores","12":"tag-concorrentes","13":"tag-confrontos","14":"tag-discussoes","15":"tag-entertainment","16":"tag-entretenimento","17":"tag-exclusivos","18":"tag-expulso","19":"tag-gala","20":"tag-noticias","21":"tag-portugal","22":"tag-pt","23":"tag-tv","24":"tag-tvi","25":"tag-videos"},"share_on_mastodon":{"url":"","error":""},"_links":{"self":[{"href":"https:\/\/www.europesays.com\/pt\/wp-json\/wp\/v2\/posts\/32639","targetHints":{"allow":["GET"]}}],"collection":[{"href":"https:\/\/www.europesays.com\/pt\/wp-json\/wp\/v2\/posts"}],"about":[{"href":"https:\/\/www.europesays.com\/pt\/wp-json\/wp\/v2\/types\/post"}],"author":[{"embeddable":true,"href":"https:\/\/www.europesays.com\/pt\/wp-json\/wp\/v2\/users\/2"}],"replies":[{"embeddable":true,"href":"https:\/\/www.europesays.com\/pt\/wp-json\/wp\/v2\/comments?post=32639"}],"version-history":[{"count":0,"href":"https:\/\/www.europesays.com\/pt\/wp-json\/wp\/v2\/posts\/32639\/revisions"}],"wp:featuredmedia":[{"embeddable":true,"href":"https:\/\/www.europesays.com\/pt\/wp-json\/wp\/v2\/media\/32640"}],"wp:attachment":[{"href":"https:\/\/www.europesays.com\/pt\/wp-json\/wp\/v2\/media?parent=32639"}],"wp:term":[{"taxonomy":"category","embeddable":true,"href":"https:\/\/www.europesays.com\/pt\/wp-json\/wp\/v2\/categories?post=32639"},{"taxonomy":"post_tag","embeddable":true,"href":"https:\/\/www.europesays.com\/pt\/wp-json\/wp\/v2\/tags?post=32639"}],"curies":[{"name":"wp","href":"https:\/\/api.w.org\/{rel}","templated":true}]}}