{"id":32651,"date":"2025-08-17T01:56:11","date_gmt":"2025-08-17T01:56:11","guid":{"rendered":"https:\/\/www.europesays.com\/pt\/32651\/"},"modified":"2025-08-17T01:56:11","modified_gmt":"2025-08-17T01:56:11","slug":"coelhos-selvagens-com-chifres-chamam-atencao-nos-eua","status":"publish","type":"post","link":"https:\/\/www.europesays.com\/pt\/32651\/","title":{"rendered":"Coelhos selvagens com &#8216;chifres&#8217; chamam aten\u00e7\u00e3o nos EUA"},"content":{"rendered":"<p>Imagens de coelhos selvagens com protuber\u00e2ncias semelhantes a \u201cchifres\u201d na cabe\u00e7a t\u00eam chamado a aten\u00e7\u00e3o de moradores e viralizado nas redes sociais nos Estados Unidos. Os animais foram registrados principalmente no estado do Colorado, mas tamb\u00e9m h\u00e1 relatos de apari\u00e7\u00f5es em Wyoming, Nebraska, Kansas e Dakota do Sul.<\/p>\n<p>As imagens mostram crescimentos escuros ao redor da boca, dos olhos e das orelhas, o que gerou preocupa\u00e7\u00e3o entre moradores. Muitos se referem aos animais como \u201ccoelhos mutantes\u201d e fizeram compara\u00e7\u00f5es com os monstros da s\u00e9rie The Last of Us, conhecida por retratar infec\u00e7\u00f5es que causam muta\u00e7\u00f5es f\u00edsicas.<\/p>\n<p>Veja em primeira m\u00e3o tudo sobre agricultura, pecu\u00e1ria, economia e previs\u00e3o do tempo:<a href=\"https:\/\/news.google.com\/publications\/CAAqBwgKMPKZlQswq_mqAw?hl=pt-BR&amp;gl=BR&amp;ceid=BR%3Apt-419\" target=\"_blank\" rel=\"noreferrer noopener nofollow\">\u00a0siga o Canal Rural no Google News!<\/a><\/p>\n<p>Segundo especialistas, os coelhos n\u00e3o representam risco para humanos. As protuber\u00e2ncias s\u00e3o causadas por uma infec\u00e7\u00e3o pelo papilomav\u00edrus de Shope,uma condi\u00e7\u00e3o viral benigna que afeta apenas coelhos e provoca verrugas, geralmente na cabe\u00e7a e pesco\u00e7o.<\/p>\n<p>Em entrevista ao jornal The New York Times, Kara Van Hoose, porta-voz do Colorado Parks and Wildlife, explicou que a doen\u00e7a n\u00e3o \u00e9 transmiss\u00edvel a humanos nem a outras esp\u00e9cies, mas pode se espalhar entre coelhos , o que exige aten\u00e7\u00e3o de tutores de animais dom\u00e9sticos.<\/p>\n<p>Ainda de acordo com Van Hoose, os casos tendem a aumentar nesta \u00e9poca do ano, quando vetores do v\u00edrus, como pulgas e carrapatos, se tornam mais ativos. As verrugas podem afetar a alimenta\u00e7\u00e3o e a vis\u00e3o dos animais infectados, embora a doen\u00e7a, em si, n\u00e3o seja considerada grave.<\/p>\n<p>\u201cEstamos t\u00e3o acostumados a ver coelhos que, quando nos deparamos com algo assim, pensamos: \u2018Meu Deus, o que \u00e9 isso na cara dele? Eu sei como um coelho deveria parecer, mas isso definitivamente n\u00e3o \u00e9 normal\u2019\u201d, disse a porta-voz.<\/p>\n","protected":false},"excerpt":{"rendered":"Imagens de coelhos selvagens com protuber\u00e2ncias semelhantes a \u201cchifres\u201d na cabe\u00e7a t\u00eam chamado a aten\u00e7\u00e3o de moradores e&hellip;\n","protected":false},"author":2,"featured_media":32652,"comment_status":"","ping_status":"","sticky":false,"template":"","format":"standard","meta":{"footnotes":""},"categories":[86],"tags":[10519,413,116,10520,32,33,117],"class_list":{"0":"post-32651","1":"post","2":"type-post","3":"status-publish","4":"format-standard","5":"has-post-thumbnail","7":"category-saude","8":"tag-coelhos-com-chifres","9":"tag-eua","10":"tag-health","11":"tag-mutantes","12":"tag-portugal","13":"tag-pt","14":"tag-saude"},"share_on_mastodon":{"url":"","error":""},"_links":{"self":[{"href":"https:\/\/www.europesays.com\/pt\/wp-json\/wp\/v2\/posts\/32651","targetHints":{"allow":["GET"]}}],"collection":[{"href":"https:\/\/www.europesays.com\/pt\/wp-json\/wp\/v2\/posts"}],"about":[{"href":"https:\/\/www.europesays.com\/pt\/wp-json\/wp\/v2\/types\/post"}],"author":[{"embeddable":true,"href":"https:\/\/www.europesays.com\/pt\/wp-json\/wp\/v2\/users\/2"}],"replies":[{"embeddable":true,"href":"https:\/\/www.europesays.com\/pt\/wp-json\/wp\/v2\/comments?post=32651"}],"version-history":[{"count":0,"href":"https:\/\/www.europesays.com\/pt\/wp-json\/wp\/v2\/posts\/32651\/revisions"}],"wp:featuredmedia":[{"embeddable":true,"href":"https:\/\/www.europesays.com\/pt\/wp-json\/wp\/v2\/media\/32652"}],"wp:attachment":[{"href":"https:\/\/www.europesays.com\/pt\/wp-json\/wp\/v2\/media?parent=32651"}],"wp:term":[{"taxonomy":"category","embeddable":true,"href":"https:\/\/www.europesays.com\/pt\/wp-json\/wp\/v2\/categories?post=32651"},{"taxonomy":"post_tag","embeddable":true,"href":"https:\/\/www.europesays.com\/pt\/wp-json\/wp\/v2\/tags?post=32651"}],"curies":[{"name":"wp","href":"https:\/\/api.w.org\/{rel}","templated":true}]}}