{"id":32721,"date":"2025-08-17T04:04:18","date_gmt":"2025-08-17T04:04:18","guid":{"rendered":"https:\/\/www.europesays.com\/pt\/32721\/"},"modified":"2025-08-17T04:04:18","modified_gmt":"2025-08-17T04:04:18","slug":"sbt-tv-veja-os-looks-escolhidos-pelos-famosos-para-a-festa-de-bruna-marquezine","status":"publish","type":"post","link":"https:\/\/www.europesays.com\/pt\/32721\/","title":{"rendered":"SBT TV | Veja os looks escolhidos pelos famosos para a festa de Bruna Marquezine"},"content":{"rendered":"<p>Os famosos marcaram presen\u00e7a no anivers\u00e1rio de 30 anos de <strong>Bruna Marquezine<\/strong>. A atriz reuniu cerca de 200 convidados na Ilha Fiscal, na Ba\u00eda de Guanabara, no Rio de Janeiro, em uma festa luxuosa que contou com apresenta\u00e7\u00f5es de <strong>Thiaguinho e Zeca Pagodinho<\/strong>.<\/p>\n<p class=\"related-link\"><strong><a href=\"https:\/\/www.sbt.com.br\/jornalismo\/fofocalizando\/noticia\/284223-em-meio-a-boatos-de-crise-marina-ruy-barbosa-posa-ao-lado-do-noivo\" title=\"Em meio a boatos de crise, Marina Ruy Barbosa posa ao lado do noivo\" class=\"link_sbttv\" rel=\"nofollow noopener\" target=\"_blank\">+ Em meio a boatos de crise, Marina Ruy Barbosa posa ao lado do noivo<\/a><\/strong><\/p>\n<p class=\"related-link\"><strong><a href=\"https:\/\/www.sbt.com.br\/jornalismo\/fofocalizando\/noticia\/284222-thiaguinho-compartilha-fotos-exclusivas-de-aniversario-de-bruna-marquezine\" title=\"Thiaguinho compartilha fotos exclusivas de anivers\u00e1rio de Bruna Marquezine\" class=\"link_sbttv\" rel=\"nofollow noopener\" target=\"_blank\">+ Thiaguinho compartilha fotos exclusivas de anivers\u00e1rio de Bruna Marquezine<\/a><\/strong><\/p>\n<p>Celebridades como <strong>Tat\u00e1 Werneck, Jo\u00e3o Guilherme, Agatha Moreira, Juliette e Carolina Dieckmann<\/strong> apostaram em roupas sofisticadas e glamourosas para curtir a festa luxuosa da atriz. Confira alguns dos famosos que apareceram por l\u00e1:<\/p>\n<p><img decoding=\"async\" alt=\"Tat\u00e1 Werneck\" src=\"https:\/\/www.europesays.com\/pt\/wp-content\/uploads\/2025\/08\/20250816150007.jpeg\"\/>Tat\u00e1 Werneck (Victor Chapetta e Roberto Filho\/BrazilNews)<img decoding=\"async\" alt=\"Juliette\" src=\"https:\/\/www.europesays.com\/pt\/wp-content\/uploads\/2025\/08\/20250816150028.jpeg\"\/>Juliette (Victor Chapetta e Roberto Filho\/BrazilNews)<img decoding=\"async\" alt=\"Agatha Moreira\" src=\"https:\/\/www.europesays.com\/pt\/wp-content\/uploads\/2025\/08\/20250816145856.jpeg\"\/>Agatha Moreira (Victor Chapetta e Roberto Filho\/BrazilNews)<img decoding=\"async\" alt=\"Paolla Oliveira\" src=\"https:\/\/www.europesays.com\/pt\/wp-content\/uploads\/2025\/08\/20250816150017.jpeg\"\/>Paolla Oliveira (Victor Chapetta e Roberto Filho\/BrazilNews)<img decoding=\"async\" alt=\"Alane Dias e Francisco Gil\" src=\"https:\/\/www.europesays.com\/pt\/wp-content\/uploads\/2025\/08\/20250816145956.jpeg\"\/>Alane Dias e Francisco Gil (Victor Chapetta e Roberto Filho\/BrazilNews)<img decoding=\"async\" alt=\"Jo\u00e3o Lucas e Sasha Meneghel\" src=\"https:\/\/www.europesays.com\/pt\/wp-content\/uploads\/2025\/08\/20250816145950.jpeg\"\/>Jo\u00e3o Lucas e Sasha Meneghel (Victor Chapetta e Roberto Filho\/BrazilNews)<img decoding=\"async\" alt=\"Jo\u00e3o Guilherme\" src=\"https:\/\/www.europesays.com\/pt\/wp-content\/uploads\/2025\/08\/20250816145927.jpeg\"\/>Jo\u00e3o Guilherme (Victor Chapetta e Roberto Filho\/BrazilNews)<img decoding=\"async\" alt=\"Thais Fersoza[\" src=\"https:\/\/www.europesays.com\/pt\/wp-content\/uploads\/2025\/08\/20250816145914.jpeg\"\/>Thais Fersoza (Victor Chapetta e Roberto Filho\/BrazilNews)<img decoding=\"async\" alt=\"Carolina Dieckmann\" src=\"https:\/\/www.europesays.com\/pt\/wp-content\/uploads\/2025\/08\/20250816145907.jpeg\"\/>Carolina Dieckmann (Victor Chapetta e Roberto Filho\/BrazilNews)<\/p>\n","protected":false},"excerpt":{"rendered":"Os famosos marcaram presen\u00e7a no anivers\u00e1rio de 30 anos de Bruna Marquezine. A atriz reuniu cerca de 200&hellip;\n","protected":false},"author":2,"featured_media":32722,"comment_status":"","ping_status":"","sticky":false,"template":"","format":"standard","meta":{"footnotes":""},"categories":[142],"tags":[996,10534,1997,114,115,6831,972,10535,4778,10537,10536,32,33,3970,151],"class_list":{"0":"post-32721","1":"post","2":"type-post","3":"status-publish","4":"format-standard","5":"has-post-thumbnail","7":"category-tv","8":"tag-aniversario","9":"tag-anos","10":"tag-bruna","11":"tag-entertainment","12":"tag-entretenimento","13":"tag-festa","14":"tag-fofocalizando","15":"tag-janeiro","16":"tag-marquezine","17":"tag-oliveirra","18":"tag-paolla","19":"tag-portugal","20":"tag-pt","21":"tag-rio","22":"tag-tv"},"share_on_mastodon":{"url":"","error":""},"_links":{"self":[{"href":"https:\/\/www.europesays.com\/pt\/wp-json\/wp\/v2\/posts\/32721","targetHints":{"allow":["GET"]}}],"collection":[{"href":"https:\/\/www.europesays.com\/pt\/wp-json\/wp\/v2\/posts"}],"about":[{"href":"https:\/\/www.europesays.com\/pt\/wp-json\/wp\/v2\/types\/post"}],"author":[{"embeddable":true,"href":"https:\/\/www.europesays.com\/pt\/wp-json\/wp\/v2\/users\/2"}],"replies":[{"embeddable":true,"href":"https:\/\/www.europesays.com\/pt\/wp-json\/wp\/v2\/comments?post=32721"}],"version-history":[{"count":0,"href":"https:\/\/www.europesays.com\/pt\/wp-json\/wp\/v2\/posts\/32721\/revisions"}],"wp:featuredmedia":[{"embeddable":true,"href":"https:\/\/www.europesays.com\/pt\/wp-json\/wp\/v2\/media\/32722"}],"wp:attachment":[{"href":"https:\/\/www.europesays.com\/pt\/wp-json\/wp\/v2\/media?parent=32721"}],"wp:term":[{"taxonomy":"category","embeddable":true,"href":"https:\/\/www.europesays.com\/pt\/wp-json\/wp\/v2\/categories?post=32721"},{"taxonomy":"post_tag","embeddable":true,"href":"https:\/\/www.europesays.com\/pt\/wp-json\/wp\/v2\/tags?post=32721"}],"curies":[{"name":"wp","href":"https:\/\/api.w.org\/{rel}","templated":true}]}}