{"id":327821,"date":"2026-04-02T02:01:08","date_gmt":"2026-04-02T02:01:08","guid":{"rendered":"https:\/\/www.europesays.com\/pt\/327821\/"},"modified":"2026-04-02T02:01:08","modified_gmt":"2026-04-02T02:01:08","slug":"anvisa-rebate-fake-news-e-reforca-seguranca-da-vacina-contra-gripe","status":"publish","type":"post","link":"https:\/\/www.europesays.com\/pt\/327821\/","title":{"rendered":"Anvisa rebate fake news e refor\u00e7a seguran\u00e7a da vacina contra gripe"},"content":{"rendered":"<p class=\"bullet mt-0\" data-v-232111b4=\"\">A Anvisa esclarece que a informa\u00e7\u00e3o \u00e9 enganosa. Ela cita que o pr\u00f3prio corpo humano produz formalde\u00eddo como parte do metabolismo das c\u00e9lulas. &#8220;O sangue de um beb\u00ea, por exemplo, possui naturalmente uma concentra\u00e7\u00e3o muito maior da subst\u00e2ncia do que qualquer vacina.&#8221;<\/p>\n<p class=\"bullet\" data-v-232111b4=\"\">&#8220;O formalde\u00eddo s\u00f3 \u00e9 considerado cancer\u00edgeno em exposi\u00e7\u00f5es industriais altas e prolongadas. Nas vacinas, ele \u00e9 usado em doses residuais m\u00ednimas apenas para inativar o v\u00edrus, sendo incapaz de causar leucemia ou outros tumores&#8221;, adiciona.<\/p>\n<p class=\"bullet\" data-v-232111b4=\"\">A Anvisa ainda destaca que monitora de forma cont\u00ednua a seguran\u00e7a das vacinas. &#8220;O risco real n\u00e3o est\u00e1 nos componentes do imunizante, mas sim nas complica\u00e7\u00f5es da gripe, que podem evoluir para pneumonia e \u00f3bito.&#8221;<\/p>\n<p class=\"bullet\" data-v-232111b4=\"\">Em reportagem recente do <b>Estad\u00e3o<\/b>, Isabella Ballalai, diretora da Sociedade Brasileira de Imuniza\u00e7\u00f5es (Sbim), destaca que, embora existam grupos de alto risco, desfechos graves podem acontecer com qualquer pessoa.<\/p>\n<p class=\"bullet\" data-v-232111b4=\"\">A vacina influenza trivalente \u00e9 oferecida gratuitamente nas Unidades B\u00e1sicas de Sa\u00fade (UBS) e \u00e9 indicada, prioritariamente, para crian\u00e7as de 6 meses a 5 anos e 11 meses, idosos e gestantes.<\/p>\n<p class=\"bullet\" data-v-232111b4=\"\">De acordo com o Minist\u00e9rio da Sa\u00fade, o esquema vacinal para crian\u00e7as de 6 meses a 8 anos depende do hist\u00f3rico de vacina\u00e7\u00e3o. Quem j\u00e1 foi vacinado anteriormente recebe uma dose. Quem ainda n\u00e3o foi precisa tomar duas, com intervalo m\u00ednimo de quatro semanas entre elas.<\/p>\n","protected":false},"excerpt":{"rendered":"A Anvisa esclarece que a informa\u00e7\u00e3o \u00e9 enganosa. Ela cita que o pr\u00f3prio corpo humano produz formalde\u00eddo como&hellip;\n","protected":false},"author":2,"featured_media":327822,"comment_status":"","ping_status":"","sticky":false,"template":"","format":"standard","meta":{"footnotes":""},"categories":[86],"tags":[116,32,33,117],"class_list":{"0":"post-327821","1":"post","2":"type-post","3":"status-publish","4":"format-standard","5":"has-post-thumbnail","7":"category-saude","8":"tag-health","9":"tag-portugal","10":"tag-pt","11":"tag-saude"},"share_on_mastodon":{"url":"https:\/\/pubeurope.com\/@pt\/116332651193264082","error":""},"_links":{"self":[{"href":"https:\/\/www.europesays.com\/pt\/wp-json\/wp\/v2\/posts\/327821","targetHints":{"allow":["GET"]}}],"collection":[{"href":"https:\/\/www.europesays.com\/pt\/wp-json\/wp\/v2\/posts"}],"about":[{"href":"https:\/\/www.europesays.com\/pt\/wp-json\/wp\/v2\/types\/post"}],"author":[{"embeddable":true,"href":"https:\/\/www.europesays.com\/pt\/wp-json\/wp\/v2\/users\/2"}],"replies":[{"embeddable":true,"href":"https:\/\/www.europesays.com\/pt\/wp-json\/wp\/v2\/comments?post=327821"}],"version-history":[{"count":0,"href":"https:\/\/www.europesays.com\/pt\/wp-json\/wp\/v2\/posts\/327821\/revisions"}],"wp:featuredmedia":[{"embeddable":true,"href":"https:\/\/www.europesays.com\/pt\/wp-json\/wp\/v2\/media\/327822"}],"wp:attachment":[{"href":"https:\/\/www.europesays.com\/pt\/wp-json\/wp\/v2\/media?parent=327821"}],"wp:term":[{"taxonomy":"category","embeddable":true,"href":"https:\/\/www.europesays.com\/pt\/wp-json\/wp\/v2\/categories?post=327821"},{"taxonomy":"post_tag","embeddable":true,"href":"https:\/\/www.europesays.com\/pt\/wp-json\/wp\/v2\/tags?post=327821"}],"curies":[{"name":"wp","href":"https:\/\/api.w.org\/{rel}","templated":true}]}}