{"id":32821,"date":"2025-08-17T08:08:18","date_gmt":"2025-08-17T08:08:18","guid":{"rendered":"https:\/\/www.europesays.com\/pt\/32821\/"},"modified":"2025-08-17T08:08:18","modified_gmt":"2025-08-17T08:08:18","slug":"turnos-de-17h-dormir-com-estranhos-ficar-sem-documentos","status":"publish","type":"post","link":"https:\/\/www.europesays.com\/pt\/32821\/","title":{"rendered":"turnos de 17h, dormir com estranhos, ficar sem documentos"},"content":{"rendered":"<p class=\"wp-caption-text top\"><a href=\"https:\/\/unsplash.com\/photos\/CQfNt66ttZM\" rel=\"nofollow external noopener noreferrer\" data-wpel-link=\"external\" target=\"_blank\" class=\"ext-link\">Danielle Cerullo \/ Unsplash<\/a><\/p>\n<p><img decoding=\"async\" loading=\"lazy\" class=\"size-kopa-image-size-3 wp-image-522010\" src=\"https:\/\/www.europesays.com\/pt\/wp-content\/uploads\/2025\/08\/5bfdb159c4bccb1596fe4d0f2bdc9fd6-783x450.jpg\" alt=\"\" width=\"700\" height=\"402\"  \/><\/p>\n<p><strong>E, se a chefe achasse que o trabalho n\u00e3o estava sem feito, ficavam sem sal\u00e1rios. O cen\u00e1rio surreal acontecia nos Pa\u00edses Baixos.<\/strong><\/p>\n<p>Numa discreta aldeia nos <strong>Pa\u00edses Baixos,<\/strong> quatro empregadas de limpeza dormiam por vezes na mesma cama.<\/p>\n<p>Eram repreendidas pela chefe da limpeza e amea\u00e7adas de ficar <strong>sem o sal\u00e1rio<\/strong> se a chefe considerasse que a limpeza tinha sido mal feita. Algumas funcion\u00e1rias n\u00e3o recebiam mesmo qualquer pagamento.<\/p>\n<p>Em alguns casos, os seus <strong>passaportes<\/strong> tamb\u00e9m eram <strong>confiscados.<\/strong> Ficavam sem os seus direitos legais de resid\u00eancia na Uni\u00e3o Europeia.<\/p>\n<p>Essa aldeia \u00e9 do propriet\u00e1rio da Saints &amp; Stars, uma cadeia de <strong>gin\u00e1sios de luxo<\/strong> em Amesterd\u00e3o.<\/p>\n<p>As empregadas de limpeza vieram das <strong>Filipinas<\/strong> e da <strong>Indon\u00e9sia<\/strong> e, segundo uma investiga\u00e7\u00e3o do <a href=\"https:\/\/www.parool.nl\/amsterdam\/hoe-in-luxegym-saints-stars-filipijnse-en-indonesische-schoonmakers-worden-uitgebuit~b71f3ff6\/\" data-wpel-link=\"external\" target=\"_blank\" rel=\"nofollow external noopener noreferrer\" class=\"ext-link\">Het Parool<\/a>, t\u00eam passado por uma <strong>\u201cexplora\u00e7\u00e3o severa\u201d.<\/strong><\/p>\n<p>Pelo menos 23 trabalhadores foram obrigados a entregar os passaportes, a trabalhar em<strong> turnos de 17 horas e a partilhar camas com estranhos<\/strong>.<\/p>\n<p>Os abusos ter\u00e3o ocorrido em todas as unidades da Saints &amp; Stars; sobretudo no edif\u00edcio principal. Come\u00e7aram em Mar\u00e7o deste ano.<\/p>\n<p>As autoridades holandesas detiveram o contabilista de um dos gin\u00e1sios em Amesterd\u00e3o. por suspeita de<strong> falsifica\u00e7\u00e3o de documentos<\/strong>.<\/p>\n<p>Entretanto, j\u00e1 come\u00e7ou uma campanha de <strong>angaria\u00e7\u00e3o de fundos<\/strong> para esses trabalhadores explorados. Em menos de 24 horas, j\u00e1 tinham sido acumulados quase 19 mil euros.<\/p>\n<p>A Saints &amp; Stars \u00e9 propriedade de Tom Moos, jovem de 31 anos que \u00e9 filho do milion\u00e1rio Ren\u00e9 Moos.<\/p>\n<p>Tom Moos <strong>nega<\/strong> qualquer crime: \u201c\u00c9 doloroso e triste para n\u00f3s que as nossas ac\u00e7\u00f5es estejam a ser questionadas. Uma parte fundamental da cultura da nossa empresa \u00e9 cuidar sempre bem dos nossos colaboradores e ajud\u00e1-los quando necess\u00e1rio. Naturalmente, estamos a cooperar totalmente com a investiga\u00e7\u00e3o\u201d.<\/p>\n<p>    <a href=\"https:\/\/zap.aeiou.pt\/subscrever-newsletter\" data-wpel-link=\"internal\" rel=\"nofollow noopener\" target=\"_blank\">&#13;<br \/>\n        <img loading=\"lazy\" decoding=\"async\" class=\"aligncenter size-full wp-image-575475\" src=\"https:\/\/www.europesays.com\/pt\/wp-content\/uploads\/2025\/08\/1754948982_360_2d51fe4a0ba54894421ead1809309ed9-1-450x140.jpg\" alt=\"Subscreva a Newsletter ZAP\" width=\"450\" height=\"140\"\/>&#13;<br \/>\n    <\/a><\/p>\n<p>                <a href=\"https:\/\/whatsapp.com\/channel\/0029VaIC4EE2f3EJZPPSbR34\" data-wpel-link=\"external\" target=\"_blank\" rel=\"nofollow external noopener noreferrer\" class=\"ext-link\">&#13;<br \/>\n                    <img loading=\"lazy\" decoding=\"async\" class=\"aligncenter size-full wp-image-575475\" src=\"https:\/\/www.europesays.com\/pt\/wp-content\/uploads\/2025\/08\/1754948983_518_c68c559d956d4ca20f435ed74a6e71e6.png\" alt=\"Siga-nos no WhatsApp\" width=\"175\" height=\"64\"\/>&#13;<br \/>\n                <\/a><\/p>\n<p>                <a href=\"https:\/\/news.google.com\/publications\/CAAiEHRwZondIV71PDjWNoqMduEqFAgKIhB0cGaJ3SFe9Tw41jaKjHbh?hl=en-US&amp;gl=US&amp;ceid=US%3Aen\" data-wpel-link=\"external\" target=\"_blank\" rel=\"nofollow external noopener noreferrer\" class=\"ext-link\">&#13;<br \/>\n                    <img loading=\"lazy\" decoding=\"async\" class=\"aligncenter size-full wp-image-575475\" src=\"https:\/\/www.europesays.com\/pt\/wp-content\/uploads\/2025\/08\/1754948984_325_5123dd8b087b644fdb8f8603acd1bad4.png\" alt=\"Siga-nos no Google News\" width=\"176\" height=\"64\"\/>&#13;<br \/>\n                <\/a><\/p>\n","protected":false},"excerpt":{"rendered":"Danielle Cerullo \/ Unsplash E, se a chefe achasse que o trabalho n\u00e3o estava sem feito, ficavam sem&hellip;\n","protected":false},"author":2,"featured_media":32822,"comment_status":"","ping_status":"","sticky":false,"template":"","format":"standard","meta":{"footnotes":""},"categories":[50],"tags":[6064,27,28,15,16,14,25,26,21,22,62,12,13,19,20,3914,23,24,58,17,18,849,29,30,31,63,64,65],"class_list":{"0":"post-32821","1":"post","2":"type-post","3":"status-publish","4":"format-standard","5":"has-post-thumbnail","7":"category-mundo","8":"tag-assedio","9":"tag-breaking-news","10":"tag-breakingnews","11":"tag-featured-news","12":"tag-featurednews","13":"tag-headlines","14":"tag-latest-news","15":"tag-latestnews","16":"tag-main-news","17":"tag-mainnews","18":"tag-mundo","19":"tag-news","20":"tag-noticias","21":"tag-noticias-principais","22":"tag-noticiasprincipais","23":"tag-paises-baixos","24":"tag-principais-noticias","25":"tag-principaisnoticias","26":"tag-sociedade","27":"tag-top-stories","28":"tag-topstories","29":"tag-trabalho","30":"tag-ultimas","31":"tag-ultimas-noticias","32":"tag-ultimasnoticias","33":"tag-world","34":"tag-world-news","35":"tag-worldnews"},"share_on_mastodon":{"url":"","error":""},"_links":{"self":[{"href":"https:\/\/www.europesays.com\/pt\/wp-json\/wp\/v2\/posts\/32821","targetHints":{"allow":["GET"]}}],"collection":[{"href":"https:\/\/www.europesays.com\/pt\/wp-json\/wp\/v2\/posts"}],"about":[{"href":"https:\/\/www.europesays.com\/pt\/wp-json\/wp\/v2\/types\/post"}],"author":[{"embeddable":true,"href":"https:\/\/www.europesays.com\/pt\/wp-json\/wp\/v2\/users\/2"}],"replies":[{"embeddable":true,"href":"https:\/\/www.europesays.com\/pt\/wp-json\/wp\/v2\/comments?post=32821"}],"version-history":[{"count":0,"href":"https:\/\/www.europesays.com\/pt\/wp-json\/wp\/v2\/posts\/32821\/revisions"}],"wp:featuredmedia":[{"embeddable":true,"href":"https:\/\/www.europesays.com\/pt\/wp-json\/wp\/v2\/media\/32822"}],"wp:attachment":[{"href":"https:\/\/www.europesays.com\/pt\/wp-json\/wp\/v2\/media?parent=32821"}],"wp:term":[{"taxonomy":"category","embeddable":true,"href":"https:\/\/www.europesays.com\/pt\/wp-json\/wp\/v2\/categories?post=32821"},{"taxonomy":"post_tag","embeddable":true,"href":"https:\/\/www.europesays.com\/pt\/wp-json\/wp\/v2\/tags?post=32821"}],"curies":[{"name":"wp","href":"https:\/\/api.w.org\/{rel}","templated":true}]}}