{"id":32838,"date":"2025-08-17T08:22:26","date_gmt":"2025-08-17T08:22:26","guid":{"rendered":"https:\/\/www.europesays.com\/pt\/32838\/"},"modified":"2025-08-17T08:22:26","modified_gmt":"2025-08-17T08:22:26","slug":"a-bucket-list-da-maioria-dos-europeus-mudou-e-os-portugueses-acompanham-a-tendencia-confere-com-a-sua-human-resources","status":"publish","type":"post","link":"https:\/\/www.europesays.com\/pt\/32838\/","title":{"rendered":"A \u201cbucket list\u201d da maioria dos europeus mudou (e os portugueses acompanham a tend\u00eancia). Confere com a sua? \u2013 Human Resources"},"content":{"rendered":"<p><strong>Estudo europeu mostra uma clara mudan\u00e7a de comportamento: bem-estar, aventura e experi\u00eancias de bucket list lideram as inten\u00e7\u00f5es de consumo. A Odisseias refor\u00e7a que esta tend\u00eancia j\u00e1 se reflecte no mercado portugu\u00eas.<\/strong><\/p>\n<p>\u00a0<\/p>\n<p>As experi\u00eancias est\u00e3o a ganhar terreno ao consumo tradicional. Segundo o novo relat\u00f3rio Travel Trends 2025 do Mastercard Economics Institute, 70% dos europeus colocam a realiza\u00e7\u00e3o de uma experi\u00eancia de bucket list como prioridade. Seja uma escapadinha de bem-estar, uma actividade radical ou uma viagem \u00fanica, os consumidores est\u00e3o a privilegiar momentos com valor emocional e pessoal.<\/p>\n<p>A Odisseias reconhece este movimento como reflexo directo daquilo que tem vindo a observar junto dos seus clientes: um crescimento cont\u00ednuo na procura por experi\u00eancias com prop\u00f3sito, memor\u00e1veis e partilh\u00e1veis.<\/p>\n<p>O relat\u00f3rio revela que, mesmo num contexto de infla\u00e7\u00e3o e incerteza econ\u00f3mica, os consumidores procuram dar prioridade a experi\u00eancias transformadoras \u2013 desde turismo de bem-estar e gastron\u00f3mico, at\u00e9 escapadinhas em contacto com a natureza.<\/p>\n<p>\u00abEsta nova economia de experi\u00eancias representa uma mudan\u00e7a de valores. N\u00e3o se trata apenas de viajar, mas de viver algo \u00fanico, significativo e alinhado com aquilo que cada pessoa valoriza\u00bb, Filipa Filipe, directora de Marketing da Odisseias.<\/p>\n<p><img loading=\"lazy\" decoding=\"async\" class=\"alignnone wp-image-412742 size-full\" src=\"https:\/\/www.europesays.com\/pt\/wp-content\/uploads\/2025\/08\/odisseias.jpg\" alt=\"\" width=\"1080\" height=\"1440\"  \/><\/p>\n<p><strong>Portugal acompanha a tend\u00eancia<\/strong><\/p>\n<p>A Odisseias confirma que o consumidor portugu\u00eas est\u00e1 alinhado com este panorama europeu. Entre Janeiro e Junho de 2025, destacaram-se:<\/p>\n<ul>\n<li><strong>Aumento de 32% na procura por experi\u00eancias de bem-estar <\/strong>(massagens, spas, retiros)<\/li>\n<li><strong>Crescimento de 28% em experi\u00eancias radicais <\/strong>(voo de bal\u00e3o, parapente, condu\u00e7\u00e3o de supercarros)<\/li>\n<li style=\"list-style-type: none;\"\/>\n<li><strong>Prefer\u00eancia por escapadinhas com natureza e autenticidade <\/strong>(turismo rural, glamping, experi\u00eancias de montanha)<\/li>\n<\/ul>\n","protected":false},"excerpt":{"rendered":"Estudo europeu mostra uma clara mudan\u00e7a de comportamento: bem-estar, aventura e experi\u00eancias de bucket list lideram as inten\u00e7\u00f5es&hellip;\n","protected":false},"author":2,"featured_media":32839,"comment_status":"","ping_status":"","sticky":false,"template":"","format":"standard","meta":{"footnotes":""},"categories":[83],"tags":[88,89,90,10564,10565,10566,32,33,10567],"class_list":{"0":"post-32838","1":"post","2":"type-post","3":"status-publish","4":"format-standard","5":"has-post-thumbnail","7":"category-empresas","8":"tag-business","9":"tag-economy","10":"tag-empresas","11":"tag-habitos-dos-consumidores","12":"tag-mastercard-economics-institute","13":"tag-odisseias","14":"tag-portugal","15":"tag-pt","16":"tag-travel-trends-2025"},"share_on_mastodon":{"url":"","error":""},"_links":{"self":[{"href":"https:\/\/www.europesays.com\/pt\/wp-json\/wp\/v2\/posts\/32838","targetHints":{"allow":["GET"]}}],"collection":[{"href":"https:\/\/www.europesays.com\/pt\/wp-json\/wp\/v2\/posts"}],"about":[{"href":"https:\/\/www.europesays.com\/pt\/wp-json\/wp\/v2\/types\/post"}],"author":[{"embeddable":true,"href":"https:\/\/www.europesays.com\/pt\/wp-json\/wp\/v2\/users\/2"}],"replies":[{"embeddable":true,"href":"https:\/\/www.europesays.com\/pt\/wp-json\/wp\/v2\/comments?post=32838"}],"version-history":[{"count":0,"href":"https:\/\/www.europesays.com\/pt\/wp-json\/wp\/v2\/posts\/32838\/revisions"}],"wp:featuredmedia":[{"embeddable":true,"href":"https:\/\/www.europesays.com\/pt\/wp-json\/wp\/v2\/media\/32839"}],"wp:attachment":[{"href":"https:\/\/www.europesays.com\/pt\/wp-json\/wp\/v2\/media?parent=32838"}],"wp:term":[{"taxonomy":"category","embeddable":true,"href":"https:\/\/www.europesays.com\/pt\/wp-json\/wp\/v2\/categories?post=32838"},{"taxonomy":"post_tag","embeddable":true,"href":"https:\/\/www.europesays.com\/pt\/wp-json\/wp\/v2\/tags?post=32838"}],"curies":[{"name":"wp","href":"https:\/\/api.w.org\/{rel}","templated":true}]}}