{"id":32857,"date":"2025-08-17T08:38:11","date_gmt":"2025-08-17T08:38:11","guid":{"rendered":"https:\/\/www.europesays.com\/pt\/32857\/"},"modified":"2025-08-17T08:38:11","modified_gmt":"2025-08-17T08:38:11","slug":"detido-por-agredir-pais-em-leiria-causou-danos-na-esquadra-observador","status":"publish","type":"post","link":"https:\/\/www.europesays.com\/pt\/32857\/","title":{"rendered":"Detido por agredir pais em Leiria, causou danos na esquadra \u2013 Observador"},"content":{"rendered":"<p>A PSP deteve na quinta-feira um homem de 55 anos, em Leiria, pelo crime de viol\u00eancia dom\u00e9stica contra os seus pais, revelou hoje aquela for\u00e7a policial. O agressor foi detido ap\u00f3s uma equipa da PSP se ter deslocado \u00e0 sua resid\u00eancia, o ter encontrado embriagado e ter ouvido relatos de agress\u00f5es dos seus progenitores, de 78 e 79 anos.<\/p>\n<p>Segundo o Comando Distrital de Leiria da PSP, o pai relatou ter sido agredido \u201ccom murros na cabe\u00e7a e amea\u00e7ado pelo filho de que usaria um machado para o continuar a agredir\u201d, e a m\u00e3e disse ter sido obrigada a fugir para a rua, onde foi perseguida pelo filho.<\/p>\n<p>\u201cPerante este cen\u00e1rio, foi-lhe dada voz de deten\u00e7\u00e3o e conduzido \u00e0 referida esquadra, onde, ap\u00f3s ter recolhido \u00e0 sala de deten\u00e7\u00e3o, continuou com o comportamento agressivo, desferindo continuamente pontap\u00e9s na porta, injuriando e amea\u00e7ando os pol\u00edcias de servi\u00e7o, ao mesmo tempo que danificava o autoclismo e partia a vidra\u00e7a da porta da referida sala\u201d, informou a PSP em comunicado.<\/p>\n<p>O homem, que j\u00e1 tem antecedentes criminais de viol\u00eancia dom\u00e9stica contra os pais e a ex-companheira, foi hoje presente \u00e0 autoridade judici\u00e1ria e ficou em pris\u00e3o preventiva.<\/p>\n","protected":false},"excerpt":{"rendered":"A PSP deteve na quinta-feira um homem de 55 anos, em Leiria, pelo crime de viol\u00eancia dom\u00e9stica contra&hellip;\n","protected":false},"author":2,"featured_media":32858,"comment_status":"","ping_status":"","sticky":false,"template":"","format":"standard","meta":{"footnotes":""},"categories":[10],"tags":[27,28,604,15,16,14,25,26,5423,21,22,12,13,19,20,57,2003,32,23,24,1306,33,2004,58,17,18,29,30,31,622,7885],"class_list":{"0":"post-32857","1":"post","2":"type-post","3":"status-publish","4":"format-standard","5":"has-post-thumbnail","7":"category-portugal","8":"tag-breaking-news","9":"tag-breakingnews","10":"tag-crime","11":"tag-featured-news","12":"tag-featurednews","13":"tag-headlines","14":"tag-latest-news","15":"tag-latestnews","16":"tag-leiria","17":"tag-main-news","18":"tag-mainnews","19":"tag-news","20":"tag-noticias","21":"tag-noticias-principais","22":"tag-noticiasprincipais","23":"tag-pau00eds","24":"tag-polu00edcia","25":"tag-portugal","26":"tag-principais-noticias","27":"tag-principaisnoticias","28":"tag-psp","29":"tag-pt","30":"tag-seguranu00e7a","31":"tag-sociedade","32":"tag-top-stories","33":"tag-topstories","34":"tag-ultimas","35":"tag-ultimas-noticias","36":"tag-ultimasnoticias","37":"tag-violu00eancia","38":"tag-violu00eancia-domu00e9stica"},"share_on_mastodon":{"url":"","error":""},"_links":{"self":[{"href":"https:\/\/www.europesays.com\/pt\/wp-json\/wp\/v2\/posts\/32857","targetHints":{"allow":["GET"]}}],"collection":[{"href":"https:\/\/www.europesays.com\/pt\/wp-json\/wp\/v2\/posts"}],"about":[{"href":"https:\/\/www.europesays.com\/pt\/wp-json\/wp\/v2\/types\/post"}],"author":[{"embeddable":true,"href":"https:\/\/www.europesays.com\/pt\/wp-json\/wp\/v2\/users\/2"}],"replies":[{"embeddable":true,"href":"https:\/\/www.europesays.com\/pt\/wp-json\/wp\/v2\/comments?post=32857"}],"version-history":[{"count":0,"href":"https:\/\/www.europesays.com\/pt\/wp-json\/wp\/v2\/posts\/32857\/revisions"}],"wp:featuredmedia":[{"embeddable":true,"href":"https:\/\/www.europesays.com\/pt\/wp-json\/wp\/v2\/media\/32858"}],"wp:attachment":[{"href":"https:\/\/www.europesays.com\/pt\/wp-json\/wp\/v2\/media?parent=32857"}],"wp:term":[{"taxonomy":"category","embeddable":true,"href":"https:\/\/www.europesays.com\/pt\/wp-json\/wp\/v2\/categories?post=32857"},{"taxonomy":"post_tag","embeddable":true,"href":"https:\/\/www.europesays.com\/pt\/wp-json\/wp\/v2\/tags?post=32857"}],"curies":[{"name":"wp","href":"https:\/\/api.w.org\/{rel}","templated":true}]}}