{"id":329057,"date":"2026-04-02T23:53:11","date_gmt":"2026-04-02T23:53:11","guid":{"rendered":"https:\/\/www.europesays.com\/pt\/329057\/"},"modified":"2026-04-02T23:53:11","modified_gmt":"2026-04-02T23:53:11","slug":"apos-pacificador-robert-patrick-nao-descarta-retorno-ao-dcu","status":"publish","type":"post","link":"https:\/\/www.europesays.com\/pt\/329057\/","title":{"rendered":"Ap\u00f3s Pacificador, Robert Patrick n\u00e3o descarta retorno ao DCU"},"content":{"rendered":"<p>1\u20132 minutos<\/p>\n<p>Depois de reprisar Auggie Smith em uma vers\u00e3o paralela completamente inesperada na 2\u00aa temporada de <a href=\"https:\/\/ovicio.com.br\/serie\/pacificador\" target=\"_blank\" rel=\"noreferrer noopener nofollow\">Pacificador<\/a>, <strong>Robert Patrick<\/strong> n\u00e3o descarta retorno ao <strong>DCU<\/strong> em um futuro pr\u00f3ximo.<\/p>\n<p>Embora seu personagem tenha sido sacrificado em dois universos distintos, em entrevista ao Comic Book, o ator garantiu que, caso seja convidado para retornar ao universo, ele n\u00e3o recusaria.<\/p>\n<p><strong>&#8220;James Gunn e eu somos bons amigos. E ele sabe o quanto eu o respeito como roteirista, diretor e como chefe da DC Studios. Ele pode me encontrar muito facilmente. Se ele quiser fazer algo no futuro, eu topo. Eu amo James e sua esposa. S\u00e3o pessoas incr\u00edveis.  Mas isso pode inevitavelmente acontecer. Vai saber? Todos n\u00f3s vamos continuar fazendo o que estamos fazendo e veremos o que acontece no futuro.&#8221;<\/strong><\/p>\n<p>Atualmente, <a href=\"https:\/\/ovicio.com.br\/tag\/james-gunn\" target=\"_blank\" rel=\"noreferrer noopener nofollow\">James Gunn<\/a> segue trabalhando a todo vapor na pr\u00e9-produ\u00e7\u00e3o de <a href=\"https:\/\/ovicio.com.br\/tag\/homem-do-amanha\" target=\"_blank\" rel=\"noreferrer noopener nofollow\">Homem do Amanh\u00e3 (2027)<\/a>, pr\u00f3ximo filme da <strong>Saga do Superman <\/strong>que deve incluir alguns personagens de<strong> Pacificador. <\/strong><\/p>\n<p>O longa acompanhar\u00e1 <a href=\"https:\/\/ovicio.com.br\/filme\/superman\" target=\"_blank\" rel=\"noreferrer noopener nofollow\">Superman<\/a> (David Corenswet) e <strong>Nicholas Hoult<\/strong> (Lex Luthor) sendo obrigados a unir for\u00e7as para lidar com uma amea\u00e7a em grande escala, enquanto a estreia segue agendada para 8 de julho de 2027 nos cinemas.<\/p>\n<p>Uma 3\u00aa temporada do derivado de <strong>O Esquadr\u00e3o Suicida (2021),<\/strong> por sua vez, permanece incerta para o universo dos super-her\u00f3is.<\/p>\n<p>As duas primeiras temporadas completas de <strong>Pacificador<\/strong> est\u00e3o dispon\u00edveis no cat\u00e1logo da <a href=\"https:\/\/ovicio.com.br\/tag\/hbo-max\" target=\"_blank\" rel=\"noreferrer noopener nofollow\">HBO Max<\/a>.<\/p>\n<p>Leia mais sobre Pacificador e o DCU:<\/p>\n<p><strong>Fonte: <\/strong><a href=\"https:\/\/comicbook.com\/movies\/feature\/robert-patrick-addresses-a-potential-dcu-return-the-x-files-reboot-new-movie-mermaid-exclusive\/\" target=\"_blank\" rel=\"noreferrer noopener nofollow\">Comic Book<\/a>.<\/p>\n","protected":false},"excerpt":{"rendered":"1\u20132 minutos Depois de reprisar Auggie Smith em uma vers\u00e3o paralela completamente inesperada na 2\u00aa temporada de Pacificador,&hellip;\n","protected":false},"author":2,"featured_media":329058,"comment_status":"","ping_status":"","sticky":false,"template":"","format":"standard","meta":{"footnotes":"","_share_on_mastodon":"0"},"categories":[140],"tags":[7319,114,115,147,148,7320,146,12981,32,33,12988],"class_list":["post-329057","post","type-post","status-publish","format-standard","has-post-thumbnail","category-filmes","tag-dc-studios","tag-entertainment","tag-entretenimento","tag-film","tag-filmes","tag-james-gunn","tag-movies","tag-pacificador","tag-portugal","tag-pt","tag-robert-patrick"],"share_on_mastodon":{"url":"https:\/\/pubeurope.com\/@pt\/116337810938945128","error":""},"_links":{"self":[{"href":"https:\/\/www.europesays.com\/pt\/wp-json\/wp\/v2\/posts\/329057","targetHints":{"allow":["GET"]}}],"collection":[{"href":"https:\/\/www.europesays.com\/pt\/wp-json\/wp\/v2\/posts"}],"about":[{"href":"https:\/\/www.europesays.com\/pt\/wp-json\/wp\/v2\/types\/post"}],"author":[{"embeddable":true,"href":"https:\/\/www.europesays.com\/pt\/wp-json\/wp\/v2\/users\/2"}],"replies":[{"embeddable":true,"href":"https:\/\/www.europesays.com\/pt\/wp-json\/wp\/v2\/comments?post=329057"}],"version-history":[{"count":0,"href":"https:\/\/www.europesays.com\/pt\/wp-json\/wp\/v2\/posts\/329057\/revisions"}],"wp:featuredmedia":[{"embeddable":true,"href":"https:\/\/www.europesays.com\/pt\/wp-json\/wp\/v2\/media\/329058"}],"wp:attachment":[{"href":"https:\/\/www.europesays.com\/pt\/wp-json\/wp\/v2\/media?parent=329057"}],"wp:term":[{"taxonomy":"category","embeddable":true,"href":"https:\/\/www.europesays.com\/pt\/wp-json\/wp\/v2\/categories?post=329057"},{"taxonomy":"post_tag","embeddable":true,"href":"https:\/\/www.europesays.com\/pt\/wp-json\/wp\/v2\/tags?post=329057"}],"curies":[{"name":"wp","href":"https:\/\/api.w.org\/{rel}","templated":true}]}}