{"id":32911,"date":"2025-08-17T09:26:09","date_gmt":"2025-08-17T09:26:09","guid":{"rendered":"https:\/\/www.europesays.com\/pt\/32911\/"},"modified":"2025-08-17T09:26:09","modified_gmt":"2025-08-17T09:26:09","slug":"exclusivo-a-fazenda-julia-descobre-toda-a-verdade-sobre-duarte-e-sobre-a-violacao-novelas","status":"publish","type":"post","link":"https:\/\/www.europesays.com\/pt\/32911\/","title":{"rendered":"Exclusivo \u00abA Fazenda: J\u00falia descobre toda a verdade sobre Duarte e sobre a viola\u00e7\u00e3o &#8211; Novelas"},"content":{"rendered":"<p>Em \u00abA Fazenda\u00bb, <a href=\"https:\/\/tvi.iol.pt\/novelas\/sao-jose-correia\/dalila-carmo\/vem-ai-em-a-fazenda-crime-de-alba-e-descoberto\" rel=\"nofollow noopener\" target=\"_blank\">Alba (S\u00e3o Jos\u00e9 Correia)<\/a>\u00a0diz a Barroso t\u00ea-lo chamado ali por querer fazer uma den\u00fancia de uma das suas sobrinhas, revelando j\u00e1 saber o que aconteceu a <a href=\"https:\/\/tvi.iol.pt\/novelas\/videos\/vania-e-duarte-roubam-leti\/674711290cf28c51602e3c65\" rel=\"nofollow noopener\" target=\"_blank\">Duarte (Cl\u00e1udio de Castro)<\/a>. <a href=\"https:\/\/tvi.iol.pt\/novelas\/videos\/mafalda-provoca-julia-nao-queria-nada-estar-no-lugar-de-uma-mae-que-se-ve-obrigada-a-abandonar-um-filho\/676969d80cf2f130c299a624\" rel=\"nofollow noopener\" target=\"_blank\">J\u00falia (Kelly Bailey)<\/a>\u00a0ouve tudo com ar espantado.<\/p>\n<p>\u00a0Alba diz a Barroso n\u00e3o acreditar na justifica\u00e7\u00e3o de <a href=\"https:\/\/tvi.iol.pt\/novelas\/videos\/eva-e-joel-beijam-se-apaixonadamente\/6776a2000cf23e044af75c9b\" rel=\"nofollow noopener\" target=\"_blank\">Eva (Margarida Corceiro)<\/a>\u00a0de ter empurrado Duarte acidentalmente para o rio. Barroso insiste para que ela lhe conte por que Eva fez isso ao primo. Alba acaba por revelar tensa que Eva lhe disse que Duarte se preparava para violar J\u00falia, e teve de a defender. J\u00falia, a ouvir tudo, fica em choque.<\/p>\n<p>J\u00falia afasta-se atordoada do lodge com o que acabou de descobrir de Duarte. Arranca no jipe. <a href=\"https:\/\/tvi.iol.pt\/novelas\/videos\/leonor-esta-fora-de-si-e-exige-a-alba-diz-me-onde-e-que-esta-a-eva-ou-eu-chamo-a-policia\/67d45e150cf216cd3ad3375c\" rel=\"nofollow noopener\" target=\"_blank\">Leonor (Dalila Carmo)<\/a>, <a href=\"https:\/\/tvi.iol.pt\/novelas\/videos\/o-reenconto-emocionante-de-mafalda-e-eduardo\/677e95eb0cf23ab655363994\" rel=\"nofollow noopener\" target=\"_blank\">Mafalda (In\u00eas Aguiar)<\/a>\u00a0e <a href=\"https:\/\/tvi.iol.pt\/novelas\/videos\/gustavo-anuncia-decisao-drastica-de-mafalda-nao-quer-trabalhar-mais-aqui\/677fd0870cf23ab655363afc\" rel=\"nofollow noopener\" target=\"_blank\">Gustavo (Nuno Pardal)<\/a>\u00a0dizem a uma angustiada Eva que tem de manter \u00e0 pol\u00edcia que n\u00e3o fez nada a Duarte at\u00e9 que o consigam encontrar para n\u00e3o ser detida. J\u00falia entra a perguntar sem rodeios a todos o que Duarte lhe fez. J\u00falia questiona tensa se \u00e9 mesmo verdade que Eva empurrou Duarte para o rio para a proteger de ser molestada por ele.<\/p>\n<p>Eva pede que a deixem a s\u00f3s com a irm\u00e3.\u00a0 J\u00falia recorda com a ajuda de Eva o dia em que Duarte a drogou, com Eva a dizer-lhe ter preferido esconder-lhe que impediu Duarte de abusar dela. J\u00falia fica em choque por Eva lhe dizer que aquela hist\u00f3ria n\u00e3o fica por ali por ter sido ele h\u00e1 sete anos quem a violou.<\/p>\n<p><a href=\"https:\/\/tvi.iol.pt\/novelas\/videos\/ary-exalta-se-mereces-que-a-lili-nao-queira-ficar-contigo\/677be9e00cf28c51602e50eb\" rel=\"nofollow noopener\" target=\"_blank\">Ary (Isaac Alfaiate<\/a>) est\u00e1 muito preocupado com a rea\u00e7\u00e3o que J\u00falia vai ter quando souber que tudo o que ela sofreu foi causado por Duarte, que a violou h\u00e1 sete anos. J\u00falia recusa-se a acreditar incr\u00e9dula que tenha sido Duarte quem a violou h\u00e1 sete anos, dizendo que Marta o teria reconhecido. Eva diz \u00e0 irm\u00e3 n\u00e3o poder provar nada, mas ter a certeza que foi ele que lhe fez isso por estar obcecado por ela. J\u00falia explode perante todos a dizer que lhe est\u00e3o a mentir para a fazerem desistir de ser m\u00e3e, saindo disparada. Leonor vai atr\u00e1s dela. Gustavo abra\u00e7a Mafalda a consol\u00e1-la, Eduardo fica desagradado.\u00a0<\/p>\n<p>J\u00falia insiste com Leonor achar que Eva est\u00e1 a mentir em toda aquela hist\u00f3ria de Duarte ter tentado abusar dela, dizendo que ela passou todas as marcas ao afirmar que ele a violou h\u00e1 sete anos, referindo que nesse caso Marta o teria identificado quando tudo aconteceu. Leonor esbo\u00e7a ar dividido.<\/p>\n<p>Recorde como tudo aconteceu:<\/p>\n","protected":false},"excerpt":{"rendered":"Em \u00abA Fazenda\u00bb, Alba (S\u00e3o Jos\u00e9 Correia)\u00a0diz a Barroso t\u00ea-lo chamado ali por querer fazer uma den\u00fancia de&hellip;\n","protected":false},"author":2,"featured_media":32912,"comment_status":"","ping_status":"","sticky":false,"template":"","format":"standard","meta":{"footnotes":""},"categories":[142],"tags":[657,658,160,166,3971,114,115,722,157,167,164,2413,2411,3972,719,161,158,165,159,32,33,156,655,163,151,162],"class_list":{"0":"post-32911","1":"post","2":"type-post","3":"status-publish","4":"format-standard","5":"has-post-thumbnail","7":"category-tv","8":"tag-a-fazenda","9":"tag-alba","10":"tag-ana-guiomar","11":"tag-cristina-ferreira","12":"tag-dalila-carmo","13":"tag-entertainment","14":"tag-entretenimento","15":"tag-eva","16":"tag-festa-e-festa","17":"tag-ficcao","18":"tag-jose-fidalgo","19":"tag-julia","20":"tag-kelly-bailey","21":"tag-leonor","22":"tag-margarida-corceiro","23":"tag-novelas","24":"tag-para-sempre","25":"tag-pedro-sousa","26":"tag-pedro-teixeira","27":"tag-portugal","28":"tag-pt","29":"tag-queridos-papas","30":"tag-sao-jose-correia","31":"tag-tiago-teotonio-pereira","32":"tag-tv","33":"tag-tvi"},"share_on_mastodon":{"url":"","error":""},"_links":{"self":[{"href":"https:\/\/www.europesays.com\/pt\/wp-json\/wp\/v2\/posts\/32911","targetHints":{"allow":["GET"]}}],"collection":[{"href":"https:\/\/www.europesays.com\/pt\/wp-json\/wp\/v2\/posts"}],"about":[{"href":"https:\/\/www.europesays.com\/pt\/wp-json\/wp\/v2\/types\/post"}],"author":[{"embeddable":true,"href":"https:\/\/www.europesays.com\/pt\/wp-json\/wp\/v2\/users\/2"}],"replies":[{"embeddable":true,"href":"https:\/\/www.europesays.com\/pt\/wp-json\/wp\/v2\/comments?post=32911"}],"version-history":[{"count":0,"href":"https:\/\/www.europesays.com\/pt\/wp-json\/wp\/v2\/posts\/32911\/revisions"}],"wp:featuredmedia":[{"embeddable":true,"href":"https:\/\/www.europesays.com\/pt\/wp-json\/wp\/v2\/media\/32912"}],"wp:attachment":[{"href":"https:\/\/www.europesays.com\/pt\/wp-json\/wp\/v2\/media?parent=32911"}],"wp:term":[{"taxonomy":"category","embeddable":true,"href":"https:\/\/www.europesays.com\/pt\/wp-json\/wp\/v2\/categories?post=32911"},{"taxonomy":"post_tag","embeddable":true,"href":"https:\/\/www.europesays.com\/pt\/wp-json\/wp\/v2\/tags?post=32911"}],"curies":[{"name":"wp","href":"https:\/\/api.w.org\/{rel}","templated":true}]}}