{"id":32921,"date":"2025-08-17T09:35:38","date_gmt":"2025-08-17T09:35:38","guid":{"rendered":"https:\/\/www.europesays.com\/pt\/32921\/"},"modified":"2025-08-17T09:35:38","modified_gmt":"2025-08-17T09:35:38","slug":"linha-rubi-do-metro-do-porto-vista-do-ceu","status":"publish","type":"post","link":"https:\/\/www.europesays.com\/pt\/32921\/","title":{"rendered":"Linha Rubi do Metro do Porto vista do c\u00e9u"},"content":{"rendered":"<p>A profunda transforma\u00e7\u00e3o urban\u00edstica que a Linha Rubi est\u00e1 a operar no Porto e em Gaia est\u00e1 longe de se cingir \u00e0 s\u00e9tima travessia sobre o rio Douro a unir os dois concelhos. A Ponte D. Ant\u00f3nia Ferreira, a Ferreirinha, ser\u00e1 a obra com mais impacto da nova liga\u00e7\u00e3o, mas, ao longo de todo o tra\u00e7ado, a implanta\u00e7\u00e3o do canal do metro determina uma revolu\u00e7\u00e3o urban\u00edstica que, por agora, se materializa em v\u00e1rias frentes de obra. Quem passa ao lado dos estaleiros e v\u00ea m\u00e1quinas e trabalhadores a revolverem o terreno nem se aperceber\u00e1, muitas vezes, do que est\u00e1 de facto a acontecer. Mas uma vis\u00e3o a\u00e9rea permite ficar com uma perspetiva mais aproximada das mudan\u00e7as.<\/p>\n<p data-remotead-prev-elm=\"true\" data-remotead-elm-id=\"inread\">A Metro garante que a empreitada segue com &#8220;boa intensidade&#8221;. Entre as esta\u00e7\u00f5es, as vias \u00e0 superf\u00edcie, os t\u00faneis e os po\u00e7os de ventila\u00e7\u00e3o e emerg\u00eancia, a Linha Rubi tem, neste momento, 19 frentes de obra ativas (sete no Porto e 12 em Gaia). Os trabalhos j\u00e1 avan\u00e7aram mesmo para o leito do rio Douro, com a prepara\u00e7\u00e3o das funda\u00e7\u00f5es que v\u00e3o sustentar os dois pilares provis\u00f3rios de apoio \u00e0 nova travessia. Com 835 metros e a 70 metros de altura, ser\u00e1 exclusiva para metro, pe\u00f5es e bicicletas.<\/p>\n<p>Acesso exclusivo a assinantes<\/p>\n<p>Acesso ilimitado a conte\u00fados exclusivos<\/p>\n<p>Navega\u00e7\u00e3o sem publicidade intrusiva<\/p>\n<p>Vers\u00e3o digital do jornal, suplementos e revistas<\/p>\n","protected":false},"excerpt":{"rendered":"A profunda transforma\u00e7\u00e3o urban\u00edstica que a Linha Rubi est\u00e1 a operar no Porto e em Gaia est\u00e1 longe&hellip;\n","protected":false},"author":2,"featured_media":32922,"comment_status":"","ping_status":"","sticky":false,"template":"","format":"standard","meta":{"footnotes":""},"categories":[10],"tags":[27,28,15,16,14,25,26,21,22,12,13,19,20,32,23,24,33,17,18,29,30,31],"class_list":{"0":"post-32921","1":"post","2":"type-post","3":"status-publish","4":"format-standard","5":"has-post-thumbnail","7":"category-portugal","8":"tag-breaking-news","9":"tag-breakingnews","10":"tag-featured-news","11":"tag-featurednews","12":"tag-headlines","13":"tag-latest-news","14":"tag-latestnews","15":"tag-main-news","16":"tag-mainnews","17":"tag-news","18":"tag-noticias","19":"tag-noticias-principais","20":"tag-noticiasprincipais","21":"tag-portugal","22":"tag-principais-noticias","23":"tag-principaisnoticias","24":"tag-pt","25":"tag-top-stories","26":"tag-topstories","27":"tag-ultimas","28":"tag-ultimas-noticias","29":"tag-ultimasnoticias"},"share_on_mastodon":{"url":"","error":""},"_links":{"self":[{"href":"https:\/\/www.europesays.com\/pt\/wp-json\/wp\/v2\/posts\/32921","targetHints":{"allow":["GET"]}}],"collection":[{"href":"https:\/\/www.europesays.com\/pt\/wp-json\/wp\/v2\/posts"}],"about":[{"href":"https:\/\/www.europesays.com\/pt\/wp-json\/wp\/v2\/types\/post"}],"author":[{"embeddable":true,"href":"https:\/\/www.europesays.com\/pt\/wp-json\/wp\/v2\/users\/2"}],"replies":[{"embeddable":true,"href":"https:\/\/www.europesays.com\/pt\/wp-json\/wp\/v2\/comments?post=32921"}],"version-history":[{"count":0,"href":"https:\/\/www.europesays.com\/pt\/wp-json\/wp\/v2\/posts\/32921\/revisions"}],"wp:featuredmedia":[{"embeddable":true,"href":"https:\/\/www.europesays.com\/pt\/wp-json\/wp\/v2\/media\/32922"}],"wp:attachment":[{"href":"https:\/\/www.europesays.com\/pt\/wp-json\/wp\/v2\/media?parent=32921"}],"wp:term":[{"taxonomy":"category","embeddable":true,"href":"https:\/\/www.europesays.com\/pt\/wp-json\/wp\/v2\/categories?post=32921"},{"taxonomy":"post_tag","embeddable":true,"href":"https:\/\/www.europesays.com\/pt\/wp-json\/wp\/v2\/tags?post=32921"}],"curies":[{"name":"wp","href":"https:\/\/api.w.org\/{rel}","templated":true}]}}