{"id":329340,"date":"2026-04-03T06:57:27","date_gmt":"2026-04-03T06:57:27","guid":{"rendered":"https:\/\/www.europesays.com\/pt\/329340\/"},"modified":"2026-04-03T06:57:27","modified_gmt":"2026-04-03T06:57:27","slug":"as-cinzas-da-minha-mulher-estao-a-minha-espera-ruy-de-carvalho-emociona-ao-revelar-o-que-dira-a-mulher-se-um-dia-a-reencontrar-dois-as-10","status":"publish","type":"post","link":"https:\/\/www.europesays.com\/pt\/329340\/","title":{"rendered":"\u00abAs cinzas da minha mulher est\u00e3o \u00e0 minha espera\u00bb: Ruy de Carvalho emociona ao revelar o que dir\u00e1 \u00e0 mulher se um dia a reencontrar &#8211; Dois \u00e0s 10"},"content":{"rendered":"<p>                        Um testemunho que tocou o pa\u00eds. Ruy de Carvalho emocionou ao falar da mulher numa entrevista com Manuel Lu\u00eds Goucha.<\/p>\n<p data-end=\"422\" data-start=\"94\">Foi no \u00faltimo programa \u201cGoucha\u201d, em junho de 2025, que Ruy de Carvalho protagonizou um dos momentos mais tocantes da televis\u00e3o portuguesa. Agora com 99 anos, o ator abriu o cora\u00e7\u00e3o numa conversa \u00edntima com Manuel Lu\u00eds Goucha e falou sobre o amor que continua a marcar a sua vida.<\/p>\n<p data-end=\"632\" data-start=\"424\">Durante a entrevista, recordou Ruth, a mulher com quem partilhou 53 anos de casamento. A emo\u00e7\u00e3o foi inevit\u00e1vel. \u201cTenho saudades da minha mulher. Ela partiu h\u00e1 quase 18 anos\u201d, confessou, visivelmente comovido.<\/p>\n<p data-end=\"861\" data-start=\"634\">Apesar da aus\u00eancia f\u00edsica, o sentimento permanece vivo. \u201cEu falo com ela. Tenho-a em toda a parte. E ela parece que me responde\u201d, revelou, num momento que deixou o apresentador e os telespectadores profundamente sensibilizados.<\/p>\n<p data-end=\"1082\" data-start=\"863\">Questionado sobre o que diria \u00e0 companheira num eventual reencontro, Ruy de Carvalho n\u00e3o hesitou: \u201cAinda te amo, meu amor\u201d. Uma declara\u00e7\u00e3o simples, mas carregada de significado, que espelha um amor que resiste ao tempo.<\/p>\n<p data-end=\"1370\" data-start=\"1084\">O ator partilhou ainda que sente a presen\u00e7a constante de Ruth no seu dia a dia: \u201cProtege-me l\u00e1 em cima. E est\u00e1 \u00e0 minha espera.\u201d Com serenidade, acrescentou: \u201cAs cinzas da minha mulher est\u00e3o no cemit\u00e9rio \u00e0 minha espera\u201d, referindo-se ao desejo de que um dia sejam levadas para a Madeira.<\/p>\n<p data-end=\"1565\" data-is-last-node=\"\" data-is-only-node=\"\" data-start=\"1372\">Mais do que um testemunho, este foi um retrato raro e profundamente humano de uma liga\u00e7\u00e3o que nem a morte conseguiu apagar \u2014 um amor vivido intensamente e que continua a existir, todos os dias.<\/p>\n","protected":false},"excerpt":{"rendered":"Um testemunho que tocou o pa\u00eds. Ruy de Carvalho emocionou ao falar da mulher numa entrevista com Manuel&hellip;\n","protected":false},"author":2,"featured_media":329341,"comment_status":"","ping_status":"","sticky":false,"template":"","format":"standard","meta":{"footnotes":"","_share_on_mastodon":"0"},"categories":[145],"tags":[211,210,329,166,3412,3406,3409,801,3410,3411,3407,3408,114,115,28348,3413,338,32,33,33923],"class_list":["post-329340","post","type-post","status-publish","format-standard","has-post-thumbnail","category-celebridades","tag-celebridades","tag-celebrities","tag-claudio-ramos","tag-cristina-ferreira","tag-dois-10","tag-dois-a-s-10-dois-a-s-10","tag-dois-a-s-dez","tag-dois-as-10","tag-dois-as-dez","tag-dois-dez","tag-doisas10","tag-doisasdez","tag-entertainment","tag-entretenimento","tag-goucha","tag-manha-tvi","tag-maria-botelho-moniz","tag-portugal","tag-pt","tag-ruy-de-carvalho"],"share_on_mastodon":{"url":"https:\/\/pubeurope.com\/@pt\/116339477432263198","error":""},"_links":{"self":[{"href":"https:\/\/www.europesays.com\/pt\/wp-json\/wp\/v2\/posts\/329340","targetHints":{"allow":["GET"]}}],"collection":[{"href":"https:\/\/www.europesays.com\/pt\/wp-json\/wp\/v2\/posts"}],"about":[{"href":"https:\/\/www.europesays.com\/pt\/wp-json\/wp\/v2\/types\/post"}],"author":[{"embeddable":true,"href":"https:\/\/www.europesays.com\/pt\/wp-json\/wp\/v2\/users\/2"}],"replies":[{"embeddable":true,"href":"https:\/\/www.europesays.com\/pt\/wp-json\/wp\/v2\/comments?post=329340"}],"version-history":[{"count":0,"href":"https:\/\/www.europesays.com\/pt\/wp-json\/wp\/v2\/posts\/329340\/revisions"}],"wp:featuredmedia":[{"embeddable":true,"href":"https:\/\/www.europesays.com\/pt\/wp-json\/wp\/v2\/media\/329341"}],"wp:attachment":[{"href":"https:\/\/www.europesays.com\/pt\/wp-json\/wp\/v2\/media?parent=329340"}],"wp:term":[{"taxonomy":"category","embeddable":true,"href":"https:\/\/www.europesays.com\/pt\/wp-json\/wp\/v2\/categories?post=329340"},{"taxonomy":"post_tag","embeddable":true,"href":"https:\/\/www.europesays.com\/pt\/wp-json\/wp\/v2\/tags?post=329340"}],"curies":[{"name":"wp","href":"https:\/\/api.w.org\/{rel}","templated":true}]}}