{"id":329568,"date":"2026-04-03T12:05:17","date_gmt":"2026-04-03T12:05:17","guid":{"rendered":"https:\/\/www.europesays.com\/pt\/329568\/"},"modified":"2026-04-03T12:05:17","modified_gmt":"2026-04-03T12:05:17","slug":"filha-descobre-assassino-da-mae-ao-fim-de-52-anos","status":"publish","type":"post","link":"https:\/\/www.europesays.com\/pt\/329568\/","title":{"rendered":"Filha descobre assassino da m\u00e3e ao fim de 52 anos"},"content":{"rendered":"<p>\t                O pai chegou a ser suspeito, por ter casado seis meses depois da morte da mulher, mas um teste de ADN acabou por exclu\u00ed-lo. Mas Marla n\u00e3o desistiu e a oportunidade de desvendar o crime acabou por surgir<\/p>\n<p data-end=\"1373\" data-start=\"1265\">(Na foto acima: Barbara Waldman em Long Island em 1974, o ano em que foi assassinada. Cortesi a Marla Waldman)<\/p>\n<p data-end=\"1701\" data-start=\"1375\">Marla Waldman Conn estava de f\u00e9rias em fam\u00edlia, a relaxar junto a uma piscina em Lake of the Ozarks, no Missouri, quando recebeu uma chamada de um detetive de Nova Iorque. Afastou-se para ter privacidade, atendeu o telefone e ouviu as palavras que esperava h\u00e1 d\u00e9cadas: \u201cTemos uma correspond\u00eancia.\u201d Marla caiu de joelhos.<\/p>\n<p data-end=\"2037\" data-start=\"1703\">A not\u00edcia referia-se ao caso de homic\u00eddio da m\u00e3e de Marla, Barbara Waldman, assassinada na sua casa em Long Island, Nova Iorque, a 11 de janeiro de 1974. Cinquenta anos depois, a pol\u00edcia tinha feito corresponder o ADN recolhido na cena do crime a um homem que tinha vivido no bairro de Oceanside, onde Waldman morava, na mesma altura.<\/p>\n<p data-end=\"2249\" data-start=\"2039\">O homic\u00eddio de Waldman permaneceu durante d\u00e9cadas como um caso arquivado, mas os filhos recusaram aceitar n\u00e3o saber o que tinha acontecido. Procuraram respostas incansavelmente e, finalmente, encontraram-nas.<\/p>\n<p>&#8220;N\u00e3o fal\u00e1vamos sobre isso&#8221; <\/p>\n<p data-end=\"2381\" data-start=\"2282\">Marla e os dois irm\u00e3os, Larry e Eric, tinham apenas 7, 6 e 5 anos quando a m\u00e3e morreu, aos 31 anos.<\/p>\n<p data-end=\"2805\" data-start=\"2383\">Foi Eric, o filho mais novo, quem encontrou o corpo da m\u00e3e na casa de fam\u00edlia depois de sair do autocarro escolar, ap\u00f3s um dia no jardim de inf\u00e2ncia. Diz que a \u00faltima mem\u00f3ria que tem da m\u00e3e \u00e9 dela deitada no ch\u00e3o do andar de cima, com o roup\u00e3o coberto de rosas, as m\u00e3os amarradas atr\u00e1s das costas e uma fronha enfiada na boca. A unidade de homic\u00eddios da pol\u00edcia de Nassau concluiu que Waldman tinha sido baleada na cabe\u00e7a.<\/p>\n<p data-end=\"2915\" data-start=\"2807\">\u201cTenho essa imagem na cabe\u00e7a desde que a encontrei quando tinha 5 anos, e vou t\u00ea-la at\u00e9 morrer\u201d, diz Eric.<\/p>\n<p data-end=\"3297\" data-start=\"2917\">Vizinhos viram uma pessoa a caminhar perto da casa no dia do homic\u00eddio e a pol\u00edcia fez um retrato-rob\u00f4 de um homem com um casaco com capuz forrado a pelo. Mas o retrato n\u00e3o foi suficiente. N\u00e3o foi poss\u00edvel identificar um suspeito e o caso ficou por resolver, juntando-se \u00e0s centenas de milhares de crimes violentos que nunca foram esclarecidos.<\/p>\n<p> <img loading=\"lazy\" decoding=\"async\" alt=\"\" height=\"1294\" src=\"https:\/\/www.europesays.com\/pt\/wp-content\/uploads\/2026\/04\/69c8544bd34e28842c824b72.webp\" width=\"800\"\/> <\/p>\n<p>   Retrato-rob\u00f4 da pessoa vista por vizinhos perto da casa de Barbara Waldman em 1974. (Nassau County Police Department) <\/p>\n<p data-end=\"3432\" data-start=\"3299\">Depois da morte da m\u00e3e, os filhos Waldman tentaram viver vidas normais. O pai, o dentista local Gerry Waldman, voltou a casar seis meses depois e as crian\u00e7as aceitaram a nova mulher como madrasta.<\/p>\n<p data-end=\"3817\" data-start=\"3632\">\u201cFoi dif\u00edcil crescer. N\u00e3o fal\u00e1vamos sobre isso\u201d, conta Eric. \u201cAs fotografias desapareceram das paredes \u2014 uma, duas, tr\u00eas fotografias da minha m\u00e3e na casa, por isso n\u00e3o havia nada dela.\u201d<\/p>\n<p data-end=\"3928\" data-start=\"3819\">Mas, \u00e0 medida que cresceram, os filhos come\u00e7aram a pensar cada vez mais na m\u00e3e e no que lhe tinha acontecido.<\/p>\n<p data-end=\"4164\" data-start=\"3930\">\u201cAcho que nos deslig\u00e1mos emocionalmente e basicamente guard\u00e1mos o segredo e fingimos\u201d, assume Marla. \u201cAt\u00e9 que engravidei e foi a\u00ed que comecei realmente a questionar o meu pai: \u2018Pai, isto n\u00e3o est\u00e1 certo, quero saber sobre a minha m\u00e3e\u2019.\u201d<\/p>\n<p>&#8220;N\u00e3o vou deixar isto ficar assim&#8221; <\/p>\n<p data-end=\"4774\" data-start=\"4204\">Havia tamb\u00e9m divis\u00f5es familiares e rumores em torno do pai, o que contribuiu para esse sil\u00eancio. Alguns vizinhos e familiares especulavam que ele poderia estar envolvido na morte da mulher e o facto de ter voltado a casar t\u00e3o rapidamente \u201cn\u00e3o parecia bem\u201d, aponta Eric. Mas em 2004, \u00e0 medida que as t\u00e9cnicas de an\u00e1lise de ADN evolu\u00edam, a pol\u00edcia diz que ele forneceu uma amostra gen\u00e9tica aos detetives. Foi nessa altura, disseram os filhos, que o pai foi exclu\u00eddo como suspeito. Morreu alguns anos depois, sem nunca saber quem tinha sido respons\u00e1vel pela morte da mulher.<\/p>\n<p data-end=\"5040\" data-start=\"4776\">Marla disse que ficou \u201cum pouco obcecada\u201d com o caso da m\u00e3e depois disso. Come\u00e7ou a ver programas de crimes reais e a ligar todos os anos para o Departamento de Pol\u00edcia de Nassau para saber do caso, que, segundo os agentes, n\u00e3o podia ser reaberto sem novas provas.<\/p>\n<p data-end=\"5549\" data-start=\"5042\">Naquilo que pensou poder ser uma grande pista, Marla recorda que familiares \u201cbombardearam o telefone\u201d com chamadas em dezembro de 2022 quando o assassino em s\u00e9rie <a href=\"https:\/\/edition.cnn.com\/2026\/01\/07\/us\/torso-killer-alys-eberhardt-confession\" target=\"_blank\" rel=\"nofollow noopener\">Richard Cottingham<\/a> admitiu ter matado cinco mulheres em Long Island no final dos anos 1960 e in\u00edcio dos anos 1970 \u2014 o mesmo per\u00edodo e local do assass\u00ednio da sua m\u00e3e. Ela e o irm\u00e3o contactaram detetives e o procurador distrital. Foi o suficiente para reabrir o caso da m\u00e3e e obter um perfil completo de ADN a partir das provas recolhidas na cena do crime.<\/p>\n<p data-end=\"5837\" data-start=\"5551\">\u201cFiquei extremamente feliz \u2014 nem consigo explicar, foi como euforia\u201d, descreve Marla. \u201cNa minha cabe\u00e7a, fosse o Cottingham ou n\u00e3o, t\u00ednhamos um perfil completo da pessoa que matou a minha m\u00e3e. Depois de ver todos aqueles programas, pensei: vou descobrir quem foi, aconte\u00e7a o que acontecer.\u201d<\/p>\n<p> <img loading=\"lazy\" decoding=\"async\" alt=\"\" height=\"733\" src=\"https:\/\/www.europesays.com\/pt\/wp-content\/uploads\/2026\/04\/69c8544bd34edcee7c626b09.webp\" width=\"800\"\/> <\/p>\n<p>   Barbara Waldman e a filha Marla, em 1968. (Cortesia Marla Waldman) <\/p>\n<p data-end=\"5919\" data-start=\"5839\">O ADN acabou por n\u00e3o corresponder ao de Cottingham. Sem desistir, Marla pressionou a pol\u00edcia de Nassau para envolver o FBI e ter acesso a t\u00e9cnicas de ADN mais avan\u00e7adas. \u201cN\u00e3o vou deixar isto ficar assim\u201d, recorda Marla ter dito. \u201cIsso n\u00e3o vai acontecer.\u201d<\/p>\n<p data-end=\"6303\" data-start=\"6194\">O FBI acabou por aceitar o caso e tentou identificar o suspeito atrav\u00e9s de genealogia gen\u00e9tica forense.<\/p>\n<p data-end=\"6494\" data-start=\"6305\">\u201cSabia que iam encontrar a pessoa. N\u00e3o sabia quem seria, e era um pouco assustador, porque nessa altura podia ser qualquer pessoa. Podia ser um vizinho; podia ser um familiar\u201d, lembra Marla.<\/p>\n<p data-end=\"6653\" data-start=\"6496\">Um ano e meio depois de o caso ter sido reaberto Marla recebeu a chamada que mudou a sua vida. A pol\u00edcia tinha encontrado uma correspond\u00eancia de ADN.<\/p>\n<p data-end=\"6989\" data-start=\"6655\">As autoridades identificaram a pessoa como Thomas Generazio, que tinha vivido no bairro de Oceanside na altura da morte de Waldman. N\u00e3o era mencionado no processo original de 1974, mas j\u00e1 tinha sido detido anteriormente por agress\u00e3o e posse de correspond\u00eancia roubada, disse a pol\u00edcia. Generazio morreu de cancro em 2004, aos 57 anos.<\/p>\n<p data-end=\"7235\" data-start=\"6991\">Mas a liga\u00e7\u00e3o por ADN, por si s\u00f3, n\u00e3o era suficiente para encerrar o caso, disseram as autoridades a Marla. \u201cO ADN por si s\u00f3 nem sempre constitui causa prov\u00e1vel\u201d, diz a pol\u00edcia de Nassau \u00e0 CNN. \u201cPor vezes \u00e9 necess\u00e1ria investiga\u00e7\u00e3o adicional.\u201d<\/p>\n<p>&#8220;Fiquei obcecada com ele&#8221; <\/p>\n<p data-end=\"7704\" data-start=\"7267\">Sem desistir, Marla aprofundou a investiga\u00e7\u00e3o. Numa tentativa de ligar o ADN ao homem do retrato-rob\u00f4, come\u00e7ou a investigar onde Generazio tinha vivido e trabalhado na sua cidade natal, consultando registos locais, contactando familiares \u2014 \u00e0 procura de qualquer coisa que pudesse ajudar os detetives a confirmar que tinha sido ele a matar a sua m\u00e3e. Preencheu um grande quadro branco com nomes, datas, locais e notas de in\u00fameras conversas.<\/p>\n<p data-end=\"7864\" data-start=\"7706\">\u201cFiquei obcecada com ele\u201d, confessa Marla. \u201cLiguei a pessoas do anu\u00e1rio da escola. \u2026 Quem eram os amigos dele? E mergulhei mesmo em perceber quem era este tipo.\u201d<\/p>\n<p data-end=\"8159\" data-start=\"7866\">Ao longo de v\u00e1rios meses, Marla falou com v\u00e1rios filhos de Generazio \u2014 alguns dos quais, acrescenta, nunca tinham conhecido o pai. S\u00f3 quando Marla entrou em contacto com uma das filhas de Generazio \u00e9 que a investiga\u00e7\u00e3o avan\u00e7ou. Falaram ao telefone e trocaram mensagens durante dias.<\/p>\n<p data-end=\"8506\" data-start=\"8161\">A filha de Generazio acabou por enviar a Marla v\u00e1rias fotografias do pai, incluindo uma em que ele aparece com um casaco com gola forrada a pelo muito semelhante ao representado no retrato-rob\u00f4 da pol\u00edcia de 1974. Essa fotografia tornou-se uma pe\u00e7a-chave de prova que ligava Generazio \u00e0 pessoa vista a afastar-se da cena do crime, conta Marla.<\/p>\n<p> <img loading=\"lazy\" decoding=\"async\" alt=\"\" height=\"533\" src=\"https:\/\/www.europesays.com\/pt\/wp-content\/uploads\/2026\/04\/69c8544bd34e28842c824b70.webp\" width=\"800\"\/> <\/p>\n<p>   Fotografia de Thomas Generazio enviada pela filha a Marla Waldman que ajudou a pol\u00edcia a desvendar o caso de homic\u00eddio. (Cortesia Marla Waldman) <\/p>\n<p data-end=\"8663\" data-start=\"8508\">A filha de Generazio, que falou com a CNN sob anonimato por quest\u00f5es de privacidade, disse que n\u00e3o acreditava que a fotografia provasse que o pai correspondia \u00e0 pessoa do retrato-rob\u00f4 e n\u00e3o conseguia imaginar que ele tivesse matado algu\u00e9m.<\/p>\n<p data-end=\"9278\" data-start=\"8901\">No final, a pol\u00edcia disse que foi \u201ca totalidade das provas derivadas do ADN, genealogia gen\u00e9tica forense, entrevistas e fotografias\u201d que deu \u00e0 fam\u00edlia algum encerramento. Este m\u00eas, mais de 52 anos ap\u00f3s o homic\u00eddio de Waldman, o departamento de pol\u00edcia de Nassau anunciou que tinha identificado Generazio como respons\u00e1vel pelo homic\u00eddio de Barbara Waldman. Caso encerrado.<\/p>\n<p> <img loading=\"lazy\" decoding=\"async\" alt=\"\" height=\"533\" src=\"https:\/\/www.europesays.com\/pt\/wp-content\/uploads\/2026\/04\/69c8544bd34edcee7c626b07.webp\" width=\"800\"\/> <\/p>\n<p>   Compara\u00e7\u00e3o policial entre o retrato-rob\u00f4 de 1974 e Thomas Generazio. (Nassau County Police Department) <\/p>\n<p data-end=\"9661\" data-start=\"9400\">\u201cPoder diz\u00ea-lo ao mundo\u201d, afirma Marla, \u201cfoi muito gratificante\u201d. \u201cNunca vou ter a minha m\u00e3e de volta. Isso \u00e9 um dado adquirido, certo? Ela n\u00e3o vai voltar. Reabriu mem\u00f3rias muito dif\u00edceis e dolorosas, mas algumas dessas mem\u00f3rias eram muito boas e devo guard\u00e1-las.\u201d<\/p>\n<p data-end=\"9797\" data-start=\"9663\">Para Eric, fechar o caso n\u00e3o trouxe um encerramento total \u2014 mas foi um passo em dire\u00e7\u00e3o \u00e0 verdade e \u00e0 justi\u00e7a para a m\u00e3e e para o pai.<\/p>\n<p data-end=\"9953\" data-start=\"9799\">\u201cN\u00e3o traz a minha m\u00e3e de volta. Continuo triste e gostava que ela estivesse aqui. Mas estou feliz porque j\u00e1 n\u00e3o temos de nos perguntar quem foi.\u201d<\/p>\n<p data-end=\"10090\" data-start=\"9955\">Depois de anos a trabalhar no caso como se fosse \u201cum emprego a tempo inteiro\u201d, Marla diz que se sente mais pr\u00f3xima do que nunca da m\u00e3e.<\/p>\n<p data-end=\"10206\" data-start=\"10092\">\u201cSinto-me bem com isso\u201d, confessa Marla. \u201cSei quem ela era. \u2026 Era uma pessoa linda, uma m\u00e3e maravilhosa e uma amiga.\u201d<\/p>\n<p> <img loading=\"lazy\" decoding=\"async\" alt=\"\" height=\"770\" src=\"https:\/\/www.europesays.com\/pt\/wp-content\/uploads\/2026\/04\/69c8544bd34e28842c824b6e.webp\" width=\"800\"\/> <\/p>\n<p>   Barbara Waldman com os filhos Larry e Eric, por volta de 1970. (Cortesia Marla Waldman) <\/p>\n<p data-end=\"10309\" data-start=\"10208\">Eric e Marla dizem que esperam que o sucesso na resolu\u00e7\u00e3o do caso da m\u00e3e possa inspirar outras fam\u00edlias que esperam h\u00e1 anos para saber o que aconteceu aos seus familiares.<\/p>\n<p data-end=\"10590\" data-start=\"10484\">\u201cH\u00e1 uma resposta para todos os homic\u00eddios\u201d, defende Marla. \u201cAlgu\u00e9m sabe alguma coisa. Acredito mesmo nisso.\u201d<\/p>\n<p data-end=\"10628\" data-start=\"10592\">Ela incentiva outros a persistirem.<\/p>\n<p data-end=\"10877\" data-start=\"10630\">\u201cEspero mesmo que haja outras pessoas que se sintam inspiradas por esta hist\u00f3ria, porque, sinceramente, se n\u00e3o fores persistente e n\u00e3o tiveres coragem, isso n\u00e3o vai acontecer. \u00c9 preciso encontrar for\u00e7a, ter esperan\u00e7a e acreditar.\u201d<\/p>\n<p data-end=\"10877\" data-start=\"10630\">\u00a0<\/p>\n","protected":false},"excerpt":{"rendered":"O pai chegou a ser suspeito, por ter casado seis meses depois da morte da mulher, mas um&hellip;\n","protected":false},"author":2,"featured_media":329569,"comment_status":"","ping_status":"","sticky":false,"template":"","format":"standard","meta":{"footnotes":"","_share_on_mastodon":"0"},"categories":[50],"tags":[2216,57360,609,836,611,57359,56444,27,28,57362,57364,607,608,57363,333,832,604,55652,135,610,476,15,16,57361,301,830,14,603,25,26,570,21,22,831,833,62,834,12,13,19,20,835,602,52,32,23,24,17,18,29,30,31,63,64,65],"class_list":["post-329568","post","type-post","status-publish","format-standard","has-post-thumbnail","category-mundo","tag-adn","tag-adn-investigacao","tag-alerta","tag-analise","tag-ao-minuto","tag-assassinato-resolvido","tag-barbara-waldman","tag-breaking-news","tag-breakingnews","tag-caso-resolvido","tag-casos-arquivados","tag-cnn","tag-cnn-portugal","tag-cold-case","tag-comentadores","tag-costa","tag-crime","tag-crimes-antigos","tag-desporto","tag-direto","tag-economia","tag-featured-news","tag-featurednews","tag-genealogia-genetica","tag-governo","tag-guerra","tag-headlines","tag-justica","tag-latest-news","tag-latestnews","tag-live","tag-main-news","tag-mainnews","tag-mais-vistas","tag-marcelo","tag-mundo","tag-negocios","tag-news","tag-noticias","tag-noticias-principais","tag-noticiasprincipais","tag-opiniao","tag-pais","tag-politica","tag-portugal","tag-principais-noticias","tag-principaisnoticias","tag-top-stories","tag-topstories","tag-ultimas","tag-ultimas-noticias","tag-ultimasnoticias","tag-world","tag-world-news","tag-worldnews"],"share_on_mastodon":{"url":"","error":"Validation failed: Text character limit of 500 exceeded"},"_links":{"self":[{"href":"https:\/\/www.europesays.com\/pt\/wp-json\/wp\/v2\/posts\/329568","targetHints":{"allow":["GET"]}}],"collection":[{"href":"https:\/\/www.europesays.com\/pt\/wp-json\/wp\/v2\/posts"}],"about":[{"href":"https:\/\/www.europesays.com\/pt\/wp-json\/wp\/v2\/types\/post"}],"author":[{"embeddable":true,"href":"https:\/\/www.europesays.com\/pt\/wp-json\/wp\/v2\/users\/2"}],"replies":[{"embeddable":true,"href":"https:\/\/www.europesays.com\/pt\/wp-json\/wp\/v2\/comments?post=329568"}],"version-history":[{"count":0,"href":"https:\/\/www.europesays.com\/pt\/wp-json\/wp\/v2\/posts\/329568\/revisions"}],"wp:featuredmedia":[{"embeddable":true,"href":"https:\/\/www.europesays.com\/pt\/wp-json\/wp\/v2\/media\/329569"}],"wp:attachment":[{"href":"https:\/\/www.europesays.com\/pt\/wp-json\/wp\/v2\/media?parent=329568"}],"wp:term":[{"taxonomy":"category","embeddable":true,"href":"https:\/\/www.europesays.com\/pt\/wp-json\/wp\/v2\/categories?post=329568"},{"taxonomy":"post_tag","embeddable":true,"href":"https:\/\/www.europesays.com\/pt\/wp-json\/wp\/v2\/tags?post=329568"}],"curies":[{"name":"wp","href":"https:\/\/api.w.org\/{rel}","templated":true}]}}