{"id":329845,"date":"2026-04-03T16:52:16","date_gmt":"2026-04-03T16:52:16","guid":{"rendered":"https:\/\/www.europesays.com\/pt\/329845\/"},"modified":"2026-04-03T16:52:16","modified_gmt":"2026-04-03T16:52:16","slug":"aos-3-meses-filho-de-mariana-rios-rouba-a-cena-em-nova-foto-com-a-mae-crescendo","status":"publish","type":"post","link":"https:\/\/www.europesays.com\/pt\/329845\/","title":{"rendered":"Aos 3 meses, filho de Mariana Rios rouba a cena em nova foto com a m\u00e3e: &#8216;Crescendo&#8217;"},"content":{"rendered":"<p><a href=\"https:\/\/caras.com.br\/tags\/mariana-rios\" rel=\"nofollow noopener\" target=\"_blank\"><strong>Mariana Rios<\/strong><\/a> curtiu o feriado em \u00f3tima companhia! A atriz e apresentadora revelou aos seguidores que aproveitou cada segundo do dia de descanso ao lado do filho, <a href=\"https:\/\/caras.com.br\/tags\/palo\" rel=\"nofollow noopener\" target=\"_blank\"><strong>Palo<\/strong><\/a>. O beb\u00ea, que completou 3 meses recentemente, \u00e9 fruto de sua uni\u00e3o com o economista <a href=\"https:\/\/caras.com.br\/tags\/juca-diniz\" rel=\"nofollow noopener\" target=\"_blank\"><strong>Juca Diniz<\/strong><\/a>.<\/p>\n<p>Em suas redes sociais, Mariana compartilhou uma foto encantadora com o pequeno em seus bra\u00e7os, em frente a uma capela. Esbanjando fofura, Palo foi fotografado em um momento de puro chamego enquanto dormia calmamente no colo da m\u00e3e.<\/p>\n<p>A famosa, inclusive, teve a ideia de recriar um clique do ano passado, em que aparece sozinha em frente \u00e0 capela. Ao publicar a imagem antiga e atualizada, Mariana Rios aproveitou para agradecer o sonho realizado de ser m\u00e3e.<\/p>\n<p>\u201cUm dia a gente conversa com Jesus\u2026. No outro ele realiza! Obrigada por tanto, meu Pai! O Senhor \u00e9 luz em minha vida! Primeira foto abril de 2026. Segunda foto abril de 2025\u201c, escreveu Mariana Rios na legenda da postagem.<\/p>\n<p>\t F\u00e3s se derretem por Palo <\/p>\n<p>Nos coment\u00e1rios da publica\u00e7\u00e3o, diversos amigos e admiradores de Mariana Rios deixaram mensagens carinhosas \u00e0 mam\u00e3e coruja e ao pequeno Palo: \u201cNossa Mariana, como \u00e9 maravilhoso ver voc\u00eas\u201c, declarou uma f\u00e3.<\/p>\n<p>\u201cQue lindo, id\u00eantico a m\u00e3e\u201c, disse outra. \u201cMini Mariana! Que seja uma P\u00e1scoa aben\u00e7oada para essa fam\u00edlia linda!\u201c, desejou uma terceira. \u201cDeus aben\u00e7oe, ele est\u00e1 fofinho!\u201c, escreveu mais uma. \u201cPalo est\u00e1 crescendo!\u201c, comentou outra.<\/p>\n<p> Veja a nova foto de Mariana Rios com o filho, Palo: <\/p>\n<blockquote class=\"instagram-media\" style=\"background: #FFF; border: 0; border-radius: 3px; box-shadow: 0 0 1px 0 rgba(0,0,0,0.5),0 1px 10px 0 rgba(0,0,0,0.15); margin: 1px; max-width: 540px; min-width: 326px; padding: 0; width: calc(100% - 2px);\" data-instgrm-captioned=\"\" data-instgrm-permalink=\"https:\/\/www.instagram.com\/p\/DWrGsDBDt7m\/?utm_source=ig_embed&amp;utm_campaign=loading\" data-instgrm-version=\"14\"><\/blockquote>\n<p>  Como foi o terceiro mesvers\u00e1rio de Palo? <\/p>\n<p>O <a href=\"https:\/\/caras.com.br\/festas\/mariana-rios-comemora-tres-meses-do-filho-com-bolo-e-decoracao-especiais.phtml\" rel=\"nofollow noopener\" target=\"_blank\">terceiro m\u00eas de vida<\/a> de Palo, filho de Mariana Rios e Juca Diniz, foi celebrado em 22 de mar\u00e7o com uma festinha intimista em casa. Em suas redes sociais, a atriz e apresentadora compartilhou com os seguidores um v\u00eddeo mostrando detalhes da comemora\u00e7\u00e3o em fam\u00edlia.<\/p>\n<p>Seguindo a tradi\u00e7\u00e3o dos meses anteriores, Mariana escolheu um novo tema para a festinha: P\u00e1scoa do Palo. A decora\u00e7\u00e3o e o bolo, inclusive, foram inspirados na data comemorativa.<\/p>\n<p>Al\u00e9m dos doces, coelhos e diversas flores tamb\u00e9m fizeram parte do cen\u00e1rio. O bolo foi feito em azul, branco e enfeitado com coelho e cenouras. \u201c3 meses do amor da nossa vida! Deus te aben\u00e7oe, filho! Muita sa\u00fade e felicidade! Mam\u00e3e e papai sempre grudadinhos em voc\u00ea! Te amo, meu amor\u201c, declarou Mariana Rios.<\/p>\n<p><strong>Leia tamb\u00e9m<\/strong>: <a href=\"https:\/\/caras.com.br\/bebe\/mariana-rios-faz-relato-sincero-sobre-amamentacao-do-filho-nao-vou-ficar-sofrendo.phtml\" rel=\"nofollow noopener\" target=\"_blank\">Mariana Rios faz relato sincero sobre amamenta\u00e7\u00e3o do filho: \u2018N\u00e3o vou ficar sofrendo\u2019<\/a><\/p>\n<blockquote class=\"instagram-media\" style=\"background: #FFF; border: 0; border-radius: 3px; box-shadow: 0 0 1px 0 rgba(0,0,0,0.5),0 1px 10px 0 rgba(0,0,0,0.15); margin: 1px; max-width: 540px; min-width: 326px; padding: 0; width: calc(100% - 2px);\" data-instgrm-captioned=\"\" data-instgrm-permalink=\"https:\/\/www.instagram.com\/reel\/DWMEgMeDg2i\/?utm_source=ig_embed&amp;utm_campaign=loading\" data-instgrm-version=\"14\"><\/blockquote>\n<p>        <a href=\"https:\/\/caras.com.br\/autor\/rafaela-oliveira\" rel=\"nofollow noopener\" target=\"_blank\">&#13;<br \/>\n          <img loading=\"lazy\" alt=\"Rafaela Oliveira\" src=\"https:\/\/www.europesays.com\/pt\/wp-content\/uploads\/2026\/04\/1775235136_976_49f5322875970d1e29e5ff2c3d4db4418044337871973cc6a09a25acab0e8ff7.png\"  class=\"avatar avatar-115 photo rounded-circle mr-3\" height=\"115\" width=\"115\" decoding=\"async\"\/>        <\/a><\/p>\n<p>        <strong>Rafaela Oliveira<\/strong> \u00e9 rep\u00f3rter de conte\u00fado do site CARAS. Formada em jornalismo, j\u00e1 passou por sites como MaisNovela, Portal M\u00e1rcia Piovesan, Purepeople Brasil e Jornal O Dia. Escreve sobre celebridades, TV e reality show. (email: <a href=\"https:\/\/caras.com.br\/cdn-cgi\/l\/email-protection\" class=\"__cf_email__\" data-cfemail=\"81f3e3eeede8f7e4e8f3e0dee2eeede0e3c1e2e0f3e0f2afe2eeecafe3f3\" rel=\"nofollow noopener\" target=\"_blank\">[email\u00a0protected]<\/a>)<\/p>\n<p>\t                                            <script async src=\"\/\/www.instagram.com\/embed.js\"><\/script><\/p>\n","protected":false},"excerpt":{"rendered":"Mariana Rios curtiu o feriado em \u00f3tima companhia! A atriz e apresentadora revelou aos seguidores que aproveitou cada&hellip;\n","protected":false},"author":2,"featured_media":329846,"comment_status":"","ping_status":"","sticky":false,"template":"","format":"standard","meta":{"footnotes":"","_share_on_mastodon":"0"},"categories":[145],"tags":[211,210,114,115,57399,20742,2211,15957,32,33],"class_list":["post-329845","post","type-post","status-publish","format-standard","has-post-thumbnail","category-celebridades","tag-celebridades","tag-celebrities","tag-entertainment","tag-entretenimento","tag-filho-de-mariana-rios","tag-juca-diniz","tag-mariana-rios","tag-palo","tag-portugal","tag-pt"],"share_on_mastodon":{"url":"https:\/\/pubeurope.com\/@pt\/116341817120485375","error":""},"_links":{"self":[{"href":"https:\/\/www.europesays.com\/pt\/wp-json\/wp\/v2\/posts\/329845","targetHints":{"allow":["GET"]}}],"collection":[{"href":"https:\/\/www.europesays.com\/pt\/wp-json\/wp\/v2\/posts"}],"about":[{"href":"https:\/\/www.europesays.com\/pt\/wp-json\/wp\/v2\/types\/post"}],"author":[{"embeddable":true,"href":"https:\/\/www.europesays.com\/pt\/wp-json\/wp\/v2\/users\/2"}],"replies":[{"embeddable":true,"href":"https:\/\/www.europesays.com\/pt\/wp-json\/wp\/v2\/comments?post=329845"}],"version-history":[{"count":0,"href":"https:\/\/www.europesays.com\/pt\/wp-json\/wp\/v2\/posts\/329845\/revisions"}],"wp:featuredmedia":[{"embeddable":true,"href":"https:\/\/www.europesays.com\/pt\/wp-json\/wp\/v2\/media\/329846"}],"wp:attachment":[{"href":"https:\/\/www.europesays.com\/pt\/wp-json\/wp\/v2\/media?parent=329845"}],"wp:term":[{"taxonomy":"category","embeddable":true,"href":"https:\/\/www.europesays.com\/pt\/wp-json\/wp\/v2\/categories?post=329845"},{"taxonomy":"post_tag","embeddable":true,"href":"https:\/\/www.europesays.com\/pt\/wp-json\/wp\/v2\/tags?post=329845"}],"curies":[{"name":"wp","href":"https:\/\/api.w.org\/{rel}","templated":true}]}}