{"id":330112,"date":"2026-04-03T21:40:10","date_gmt":"2026-04-03T21:40:10","guid":{"rendered":"https:\/\/www.europesays.com\/pt\/330112\/"},"modified":"2026-04-03T21:40:10","modified_gmt":"2026-04-03T21:40:10","slug":"amigdalite-de-repeticao-veja-as-formas-de-tratamento-da-condicao","status":"publish","type":"post","link":"https:\/\/www.europesays.com\/pt\/330112\/","title":{"rendered":"Amigdalite de repeti\u00e7\u00e3o: veja as formas de tratamento da condi\u00e7\u00e3o"},"content":{"rendered":"<p>A amigdalite de repeti\u00e7\u00e3o \u00e9 uma condi\u00e7\u00e3o comum que afeta tanto crian\u00e7as quanto adultos, causando dor, febre e desconforto frequente. Quando esses epis\u00f3dios passam a se repetir v\u00e1rias vezes ao longo do ano, o problema deixa de ser pontual e passa a impactar diretamente a qualidade de vida.<\/p>\n<p>As causas das amigdalites variam entre<strong> infec\u00e7\u00f5es virais e bacterianas<\/strong>, sendo as bacterianas geralmente mais intensas e associadas a maior risco de complica\u00e7\u00f5es. Por isso, o acompanhamento m\u00e9dico adequado faz toda a diferen\u00e7a na condu\u00e7\u00e3o do tratamento.<\/p>\n<p>\u201cAs amigdalites de repeti\u00e7\u00e3o devem ser avaliadas com aten\u00e7\u00e3o porque n\u00e3o se trata apenas de epis\u00f3dios isolados. Quando o paciente apresenta crises frequentes, isso pode indicar uma falha na resposta imunol\u00f3gica ou exposi\u00e7\u00e3o cont\u00ednua a fatores de risco\u201d, explica a m\u00e9dica Renata Mori, otorrinolaringologista especialista em doen\u00e7as nasais.<\/p>\n<p>Entender quando \u00e9 poss\u00edvel tratar clinicamente e quando a cirurgia deve ser considerada \u00e9 essencial para evitar complica\u00e7\u00f5es e melhorar o bem-estar. \u201cO tratamento precisa ser individualizado, considerando n\u00e3o apenas a infec\u00e7\u00e3o em si, mas o impacto na rotina e na qualidade de vida. Em alguns casos, a cirurgia passa a ser uma alternativa importante, mas nunca deve ser a primeira op\u00e7\u00e3o sem uma avalia\u00e7\u00e3o criteriosa\u201d, afirma a m\u00e9dica.<\/p>\n<p>A seguir, a especialista compartilha 7 dicas para entender quando tratar ou quando operar. Confira!<\/p>\n<p>1. Observe quantas vezes a infec\u00e7\u00e3o aparece<\/p>\n<p>A repeti\u00e7\u00e3o das crises \u00e9 o principal indicativo de que algo precisa ser investigado com mais cuidado. Epis\u00f3dios frequentes ao longo do ano n\u00e3o devem ser ignorados, especialmente quando interferem na rotina. <\/p>\n<p>\u201cA frequ\u00eancia das amigdalites \u00e9 um dos crit\u00e9rios mais importantes na avalia\u00e7\u00e3o. Quando o paciente apresenta v\u00e1rios epis\u00f3dios ao longo do ano, isso acende um alerta para investiga\u00e7\u00e3o mais aprofundada. N\u00e3o \u00e9 normal conviver com<strong> infec\u00e7\u00f5es recorrentes <\/strong>sem buscar uma solu\u00e7\u00e3o. O acompanhamento m\u00e9dico permite entender a causa e definir a melhor estrat\u00e9gia de tratamento, evitando que o problema se torne cr\u00f4nico ou mais grave\u201d, explica Renata Mori.<\/p>\n<p>2. Nem toda dor de garganta \u00e9 amigdalite<\/p>\n<p>Sintomas semelhantes podem confundir e levar a tratamentos inadequados. \u201cMuitas pessoas acreditam que toda dor de garganta \u00e9 amigdalite, mas existem outras condi\u00e7\u00f5es com sintomas parecidos. Um diagn\u00f3stico preciso \u00e9 essencial para evitar o uso desnecess\u00e1rio de medicamentos, especialmente antibi\u00f3ticos. O tratamento correto depende da identifica\u00e7\u00e3o da causa, seja ela viral, bacteriana ou at\u00e9 inflamat\u00f3ria. Por isso, a avalia\u00e7\u00e3o m\u00e9dica \u00e9 indispens\u00e1vel\u201d, afirma.<\/p>\n<p>3. Evite a automedica\u00e7\u00e3o<\/p>\n<p>O uso indiscriminado de medicamentos pode mascarar sintomas e dificultar o diagn\u00f3stico correto. \u201cA automedica\u00e7\u00e3o \u00e9 um dos principais problemas nesses casos. Muitas vezes, o paciente utiliza antibi\u00f3ticos sem necessidade, o que pode causar resist\u00eancia bacteriana e dificultar tratamentos futuros. Al\u00e9m disso, mascarar os sintomas pode atrasar o diagn\u00f3stico correto. O ideal \u00e9 sempre procurar avalia\u00e7\u00e3o m\u00e9dica para definir a conduta mais adequada\u201d, alerta Renata Mori.<\/p>\n<p><img src=\"https:\/\/www.europesays.com\/pt\/wp-content\/uploads\/2026\/04\/medico-examinando-pescoco-1024x683-1.jpg\" alt=\"m\u00e9dico de jaleco branco com as m\u00e3os em pesco\u00e7o de pacientes, que est\u00e1 sentada com a cabe\u00e7a levantada\" width=\"1024\" height=\"683\" class=\"wp-image-526232\" loading=\"lazy\" decoding=\"async\" style=\"width:100%;height:auto\"\/>Para definir o tratamento, especialistas consideram n\u00e3o apenas a frequ\u00eancia das infec\u00e7\u00f5es, mas tamb\u00e9m o impacto na qualidade de vida (Imagem: XiXinXing | Shutterstock)<\/p>\n<p>4. Avalie o impacto na qualidade de vida<\/p>\n<p>As crises frequentes podem <strong>afetar sono<\/strong>, alimenta\u00e7\u00e3o e produtividade. Esse impacto deve ser considerado na decis\u00e3o do tratamento. \u201cN\u00e3o avaliamos apenas a frequ\u00eancia das infec\u00e7\u00f5es, mas tamb\u00e9m o impacto na vida do paciente. Amigdalites recorrentes podem causar dor intensa, dificuldade para se alimentar e at\u00e9 afastamento das atividades di\u00e1rias. Quando esse impacto \u00e9 significativo, precisamos considerar abordagens mais eficazes. O objetivo do tratamento \u00e9 devolver qualidade de vida ao paciente\u201d, explica.<\/p>\n<p>5. Entenda quando a cirurgia \u00e9 indicada<\/p>\n<p>A retirada das am\u00edgdalas n\u00e3o \u00e9 indicada para todos os casos. A decis\u00e3o depende de crit\u00e9rios cl\u00ednicos bem definidos e avalia\u00e7\u00e3o individual. \u201cA cirurgia n\u00e3o \u00e9 a primeira escolha, mas pode ser indicada quando os epis\u00f3dios s\u00e3o muito frequentes ou quando h\u00e1 complica\u00e7\u00f5es associadas. Cada paciente deve ser avaliado de forma individual, considerando hist\u00f3rico, sintomas e resposta ao tratamento cl\u00ednico. Quando bem indicada, a cirurgia pode trazer melhora significativa na qualidade de vida\u201d, diz a m\u00e9dica.<\/p>\n<p>6. Fortale\u00e7a o sistema imunol\u00f3gico<\/p>\n<p>H\u00e1bitos saud\u00e1veis ajudam a reduzir a frequ\u00eancia das infec\u00e7\u00f5es. Alimenta\u00e7\u00e3o equilibrada, sono adequado e controle do estresse s\u00e3o fundamentais. \u201cO sistema imunol\u00f3gico tem papel central na preven\u00e7\u00e3o das amigdalites. Manter uma rotina saud\u00e1vel, com alimenta\u00e7\u00e3o equilibrada e boas horas de sono, ajuda a reduzir a recorr\u00eancia das infec\u00e7\u00f5es. Al\u00e9m disso, evitar fatores de risco, como ambientes fechados e exposi\u00e7\u00e3o a agentes infecciosos, tamb\u00e9m faz diferen\u00e7a no controle do quadro\u201d, explica Renata Mori.<\/p>\n<p>7. Procure atendimento ao primeiro sinal<\/p>\n<p>O diagn\u00f3stico precoce permite <strong>tratamento mais eficaz <\/strong>e reduz o risco de complica\u00e7\u00f5es. Ignorar os sintomas pode agravar o quadro. \u201cBuscar atendimento logo no in\u00edcio dos sintomas faz toda a diferen\u00e7a no desfecho do quadro. Quanto mais precoce for o diagn\u00f3stico, maiores s\u00e3o as chances de um tratamento eficaz e sem complica\u00e7\u00f5es. Infec\u00e7\u00f5es mal tratadas podem evoluir para quadros mais graves, por isso a orienta\u00e7\u00e3o \u00e9 n\u00e3o esperar a piora para procurar ajuda m\u00e9dica\u201d, finaliza.<\/p>\n<p>Por Sarah Carvalho<\/p>\n","protected":false},"excerpt":{"rendered":"A amigdalite de repeti\u00e7\u00e3o \u00e9 uma condi\u00e7\u00e3o comum que afeta tanto crian\u00e7as quanto adultos, causando dor, febre e&hellip;\n","protected":false},"author":2,"featured_media":330113,"comment_status":"","ping_status":"","sticky":false,"template":"","format":"standard","meta":{"footnotes":"","_share_on_mastodon":"0"},"categories":[86],"tags":[3056,50174,116,19686,150,13,214,32,2064,33,766,1645,117],"class_list":["post-330112","post","type-post","status-publish","format-standard","has-post-thumbnail","category-saude","tag-ao-vivo","tag-flash-back","tag-health","tag-metropolitana-fm","tag-musica","tag-noticias","tag-pop","tag-portugal","tag-promocoes","tag-pt","tag-radio","tag-rock","tag-saude"],"share_on_mastodon":{"url":"https:\/\/pubeurope.com\/@pt\/116342949854078681","error":""},"_links":{"self":[{"href":"https:\/\/www.europesays.com\/pt\/wp-json\/wp\/v2\/posts\/330112","targetHints":{"allow":["GET"]}}],"collection":[{"href":"https:\/\/www.europesays.com\/pt\/wp-json\/wp\/v2\/posts"}],"about":[{"href":"https:\/\/www.europesays.com\/pt\/wp-json\/wp\/v2\/types\/post"}],"author":[{"embeddable":true,"href":"https:\/\/www.europesays.com\/pt\/wp-json\/wp\/v2\/users\/2"}],"replies":[{"embeddable":true,"href":"https:\/\/www.europesays.com\/pt\/wp-json\/wp\/v2\/comments?post=330112"}],"version-history":[{"count":0,"href":"https:\/\/www.europesays.com\/pt\/wp-json\/wp\/v2\/posts\/330112\/revisions"}],"wp:featuredmedia":[{"embeddable":true,"href":"https:\/\/www.europesays.com\/pt\/wp-json\/wp\/v2\/media\/330113"}],"wp:attachment":[{"href":"https:\/\/www.europesays.com\/pt\/wp-json\/wp\/v2\/media?parent=330112"}],"wp:term":[{"taxonomy":"category","embeddable":true,"href":"https:\/\/www.europesays.com\/pt\/wp-json\/wp\/v2\/categories?post=330112"},{"taxonomy":"post_tag","embeddable":true,"href":"https:\/\/www.europesays.com\/pt\/wp-json\/wp\/v2\/tags?post=330112"}],"curies":[{"name":"wp","href":"https:\/\/api.w.org\/{rel}","templated":true}]}}