{"id":330237,"date":"2026-04-04T00:07:15","date_gmt":"2026-04-04T00:07:15","guid":{"rendered":"https:\/\/www.europesays.com\/pt\/330237\/"},"modified":"2026-04-04T00:07:15","modified_gmt":"2026-04-04T00:07:15","slug":"donald-trump-demite-a-procuradora-geral-dos-eua-pam-bondi","status":"publish","type":"post","link":"https:\/\/www.europesays.com\/pt\/330237\/","title":{"rendered":"Donald Trump demite a procuradora-geral dos EUA, Pam Bondi"},"content":{"rendered":"<p>\n                    Publicado a                 02\/04\/2026 &#8211; 19:30 GMT+2\u2022\u00daltimas not\u00edcias<br \/>\n                                     20:43\n                                        <\/p>\n<p>O presidente dos Estados Unidos, Donald Trump, demitiu na quinta-feira a procuradora-geral Pam Bondi, uma fiel aliada que foi alvo de cr\u00edticas pela forma como lidou com os ficheiros Epstein.<\/p>\n<p>          <img decoding=\"async\" class=\"c-ad__placeholder__logo\" src=\"https:\/\/static.euronews.com\/website\/images\/logos\/logo-euronews-stacked-outlined-72x72-grey-9.svg\" width=\"72\" height=\"72\" alt=\"\" loading=\"lazy\"\/><br \/>\n          PUBLICIDADE<\/p>\n<p>          <img decoding=\"async\" class=\"c-ad__placeholder__logo\" src=\"https:\/\/static.euronews.com\/website\/images\/logos\/logo-euronews-stacked-outlined-72x72-grey-9.svg\" width=\"72\" height=\"72\" alt=\"\" loading=\"lazy\"\/><br \/>\n          PUBLICIDADE<\/p>\n<p>&#8220;Pam Bondi \u00e9 uma grande patriota americana e uma amiga leal, que desempenhou fielmente as fun\u00e7\u00f5es de procuradora-geral ao meu lado ao longo do \u00faltimo ano. A Pam fez um trabalho extraordin\u00e1rio ao supervisionar uma vasta ofensiva contra a criminalidade em todo o nosso pa\u00eds, tendo o n\u00famero de homic\u00eddios descido para o n\u00edvel mais baixo desde 1900&#8221;, come\u00e7ou por escrever Donald Trump.<\/p>\n<p>O presidente dos EUA anunciou na mesma publica\u00e7\u00e3o social que Pam Bondi vai assumir &#8220;um cargo importante no setor privado a ser anunciado numa data pr\u00f3xima&#8221; e que para ocupar o seu lugar &#8220;o procurador-geral adjunto, e uma mente jur\u00eddica muito talentosa e respeitada, Todd Blanche, assumir\u00e1 o cargo de procurador-geral interino.&#8221;<\/p>\n<p>Trump ter\u00e1 discutido inicialmente em privado a possibilidade de despedir Bondi, e o nome do administrador da Ag\u00eancia de Prote\u00e7\u00e3o Ambiental, Lee Zeldin, foi um dos mencionados, segundo tr\u00eas pessoas familiarizadas com o assunto \u00e0 ag\u00eancia noticiosa Associated Press na quinta-feira.<\/p>\n<p>Nessas conversas, Trump discutiu a sua frustra\u00e7\u00e3o constante com Bondi relativamente \u00e0 forma como tratou os ficheiros Epstein e os obst\u00e1culos que o Departamento de Justi\u00e7a encontrou nas investiga\u00e7\u00f5es aos inimigos de Trump, disseram as fontes.<\/p>\n<p>O presidente republicano mencionou outros candidatos, mas s\u00f3 esta semana mencionou o nome de Zeldin, informou a mesma fonte.<\/p>\n<p>As pessoas n\u00e3o estavam autorizadas a discutir publicamente as conversas privadas e falaram sob condi\u00e7\u00e3o de anonimato.<\/p>\n<p>&#8220;A procuradora-geral Pam Bondi \u00e9 uma pessoa maravilhosa e est\u00e1 a fazer um bom trabalho&#8221;, disse Trump numa declara\u00e7\u00e3o produzida pela Casa Branca.<\/p>\n<p>Zeldin, um ex-congressista republicano de Nova York que concorreu sem sucesso para governador em 2022, emergiu como um favorito de Trump e foi elogiado pelo presidente num evento em fevereiro como a &#8220;nossa arma secreta&#8221;.<\/p>\n","protected":false},"excerpt":{"rendered":"Publicado a 02\/04\/2026 &#8211; 19:30 GMT+2\u2022\u00daltimas not\u00edcias 20:43 O presidente dos Estados Unidos, Donald Trump, demitiu na quinta-feira&hellip;\n","protected":false},"author":2,"featured_media":330238,"comment_status":"","ping_status":"","sticky":false,"template":"","format":"standard","meta":{"footnotes":"","_share_on_mastodon":"0"},"categories":[50],"tags":[27,28,5914,92,7618,15,16,14,583,25,26,21,22,62,12,13,19,20,23,24,17,18,29,30,31,63,64,65],"class_list":["post-330237","post","type-post","status-publish","format-standard","has-post-thumbnail","category-mundo","tag-breaking-news","tag-breakingnews","tag-casa-branca","tag-donald-trump","tag-estados-unidos-da-america","tag-featured-news","tag-featurednews","tag-headlines","tag-jeffrey-epstein","tag-latest-news","tag-latestnews","tag-main-news","tag-mainnews","tag-mundo","tag-news","tag-noticias","tag-noticias-principais","tag-noticiasprincipais","tag-principais-noticias","tag-principaisnoticias","tag-top-stories","tag-topstories","tag-ultimas","tag-ultimas-noticias","tag-ultimasnoticias","tag-world","tag-world-news","tag-worldnews"],"share_on_mastodon":{"url":"https:\/\/pubeurope.com\/@pt\/116343527784067289","error":""},"_links":{"self":[{"href":"https:\/\/www.europesays.com\/pt\/wp-json\/wp\/v2\/posts\/330237","targetHints":{"allow":["GET"]}}],"collection":[{"href":"https:\/\/www.europesays.com\/pt\/wp-json\/wp\/v2\/posts"}],"about":[{"href":"https:\/\/www.europesays.com\/pt\/wp-json\/wp\/v2\/types\/post"}],"author":[{"embeddable":true,"href":"https:\/\/www.europesays.com\/pt\/wp-json\/wp\/v2\/users\/2"}],"replies":[{"embeddable":true,"href":"https:\/\/www.europesays.com\/pt\/wp-json\/wp\/v2\/comments?post=330237"}],"version-history":[{"count":0,"href":"https:\/\/www.europesays.com\/pt\/wp-json\/wp\/v2\/posts\/330237\/revisions"}],"wp:featuredmedia":[{"embeddable":true,"href":"https:\/\/www.europesays.com\/pt\/wp-json\/wp\/v2\/media\/330238"}],"wp:attachment":[{"href":"https:\/\/www.europesays.com\/pt\/wp-json\/wp\/v2\/media?parent=330237"}],"wp:term":[{"taxonomy":"category","embeddable":true,"href":"https:\/\/www.europesays.com\/pt\/wp-json\/wp\/v2\/categories?post=330237"},{"taxonomy":"post_tag","embeddable":true,"href":"https:\/\/www.europesays.com\/pt\/wp-json\/wp\/v2\/tags?post=330237"}],"curies":[{"name":"wp","href":"https:\/\/api.w.org\/{rel}","templated":true}]}}