{"id":330901,"date":"2026-04-04T15:40:12","date_gmt":"2026-04-04T15:40:12","guid":{"rendered":"https:\/\/www.europesays.com\/pt\/330901\/"},"modified":"2026-04-04T15:40:12","modified_gmt":"2026-04-04T15:40:12","slug":"familias-cortam-a-mesa-para-enfrentar-aumentos-os-precos-estao-pela-hora-da-morte-ja-nao-da-para-comer-um-bife-e-meio","status":"publish","type":"post","link":"https:\/\/www.europesays.com\/pt\/330901\/","title":{"rendered":"Fam\u00edlias cortam \u00e0 mesa para enfrentar aumentos. \u201cOs pre\u00e7os est\u00e3o pela hora da morte, j\u00e1 n\u00e3o d\u00e1 para comer um bife e meio\u201d"},"content":{"rendered":"<p>O dono da banca convida-nos a passar os olhos pelo desfile de peixes que repousam entre placas com n\u00fameros, \u00e0 espera de vez para entrarem num saco. O quilo de pregado custa 21,90 euros, a garoupa 20 euros, o robalo grande 17,90 euros e a dourada do mar 12 euros. \u201c<strong>O peixe est\u00e1 muito caro, o carapau era o peixe dos pobres e agora s\u00f3 para ricos<\/strong>. V\u00ea aquelas douradas a 20 euros? Quando comecei neste trabalho h\u00e1 25 anos vendia-as a quatro euros\u201d, recorda S\u00e9rgio Martins. <\/p>\n<p>Por estes dias, o neg\u00f3cio vai-se fazendo com dificuldade e estrat\u00e9gia, numa fina gin\u00e1stica de pre\u00e7os que, se n\u00e3o for meticulosamente pensada, pode ser fatal. \u201c<strong>As pessoas correm o mercado todo por uma diferen\u00e7a de 20 c\u00eantimos, \u00e9 o suficiente para desistirem de comprar aqui e irem \u00e0 banca do lado.<\/strong> \u00c9 duro, vamos tentando engraxar a clientela para levar isto para a frente\u201d, confessa o vendedor.<\/p>\n<p>O quadro n\u00e3o \u00e9 recente e os custos j\u00e1 come\u00e7aram a pesar no ano passado. A subida da infla\u00e7\u00e3o, agora somada ao aumento do pre\u00e7o dos combust\u00edveis t\u00eam feito escalar a fatura e afastado fregueses. \u201c<strong>Muitos chegam aqui, olham e v\u00e3o-se embora. Coitados, n\u00e3o podem comprar. Alguns mandam pesar o peixe, veem o pre\u00e7o e depois dizem que n\u00e3o podem comprar<\/strong> e para eu n\u00e3o levar a mal. Claro que n\u00e3o levo a mal, como \u00e9 que se vive hoje a pagar renda, contas e com a alimenta\u00e7\u00e3o t\u00e3o cara? N\u00e3o d\u00e1\u201d, constata.<\/p>\n<p>A alternativa \u00e9 refrear o consumo, mas na hora de escolher o que colocar no prato, \u00e9 imperativo encontrar solu\u00e7\u00f5es. \u201cAs pessoas n\u00e3o levam para grandes refei\u00e7\u00f5es. Tr\u00eas carapaus n\u00e3o d\u00e3o para uma fam\u00edlia. Se for ali ao talho compro um franguinho de quilo e meio, corto aos bocadinhos e fa\u00e7o uma jardineira. J\u00e1 rende mais\u201d, compara.<\/p>\n<p>\u00c9 preciso apenas meia d\u00fazia de passos para chegar ao Talho 25. O frango est\u00e1 marcado a 3,58 euros, confirmando o argumento do vizinho de mercado. Por aqui, \u00e9 a carne mais vendida, seguindo-se o peru. O porco \u201cainda est\u00e1 a um pre\u00e7o razo\u00e1vel\u201d, ao contr\u00e1rio das pe\u00e7as de vaca que j\u00e1 pouco saem. Os pre\u00e7os mais em conta face ao peixe t\u00eam ajudado as vendas a manter-se \u00e0 tona, mas o cinto, para quem chega, est\u00e1 apertado. <\/p>\n","protected":false},"excerpt":{"rendered":"O dono da banca convida-nos a passar os olhos pelo desfile de peixes que repousam entre placas com&hellip;\n","protected":false},"author":2,"featured_media":330902,"comment_status":"","ping_status":"","sticky":false,"template":"","format":"standard","meta":{"footnotes":"","_share_on_mastodon":"0"},"categories":[10],"tags":[27,28,855,4212,27755,15,16,830,14,1215,25,26,21,22,12,13,19,20,32,57488,23,24,33,2503,17,18,29,30,31],"class_list":["post-330901","post","type-post","status-publish","format-standard","has-post-thumbnail","category-portugal","tag-breaking-news","tag-breakingnews","tag-combustiveis","tag-consumo","tag-custo-de-vida","tag-featured-news","tag-featurednews","tag-guerra","tag-headlines","tag-inflacao","tag-latest-news","tag-latestnews","tag-main-news","tag-mainnews","tag-news","tag-noticias","tag-noticias-principais","tag-noticiasprincipais","tag-portugal","tag-precos-dos-alimentos","tag-principais-noticias","tag-principaisnoticias","tag-pt","tag-restauracao","tag-top-stories","tag-topstories","tag-ultimas","tag-ultimas-noticias","tag-ultimasnoticias"],"share_on_mastodon":{"url":"","error":"Validation failed: Text character limit of 500 exceeded"},"_links":{"self":[{"href":"https:\/\/www.europesays.com\/pt\/wp-json\/wp\/v2\/posts\/330901","targetHints":{"allow":["GET"]}}],"collection":[{"href":"https:\/\/www.europesays.com\/pt\/wp-json\/wp\/v2\/posts"}],"about":[{"href":"https:\/\/www.europesays.com\/pt\/wp-json\/wp\/v2\/types\/post"}],"author":[{"embeddable":true,"href":"https:\/\/www.europesays.com\/pt\/wp-json\/wp\/v2\/users\/2"}],"replies":[{"embeddable":true,"href":"https:\/\/www.europesays.com\/pt\/wp-json\/wp\/v2\/comments?post=330901"}],"version-history":[{"count":0,"href":"https:\/\/www.europesays.com\/pt\/wp-json\/wp\/v2\/posts\/330901\/revisions"}],"wp:featuredmedia":[{"embeddable":true,"href":"https:\/\/www.europesays.com\/pt\/wp-json\/wp\/v2\/media\/330902"}],"wp:attachment":[{"href":"https:\/\/www.europesays.com\/pt\/wp-json\/wp\/v2\/media?parent=330901"}],"wp:term":[{"taxonomy":"category","embeddable":true,"href":"https:\/\/www.europesays.com\/pt\/wp-json\/wp\/v2\/categories?post=330901"},{"taxonomy":"post_tag","embeddable":true,"href":"https:\/\/www.europesays.com\/pt\/wp-json\/wp\/v2\/tags?post=330901"}],"curies":[{"name":"wp","href":"https:\/\/api.w.org\/{rel}","templated":true}]}}