{"id":33297,"date":"2025-08-17T16:07:08","date_gmt":"2025-08-17T16:07:08","guid":{"rendered":"https:\/\/www.europesays.com\/pt\/33297\/"},"modified":"2025-08-17T16:07:08","modified_gmt":"2025-08-17T16:07:08","slug":"sunderland-chega-a-acordo-com-o-psg-e-anuncia-reforco-para-a-defesa-zerozero-pt","status":"publish","type":"post","link":"https:\/\/www.europesays.com\/pt\/33297\/","title":{"rendered":"Sunderland chega a acordo com o PSG e anuncia refor\u00e7o para a defesa &#8211; zerozero.pt"},"content":{"rendered":"<ol>\n<li><a href=\"https:\/\/news.google.com\/rss\/articles\/CBMiqwFBVV95cUxPTjdvaDRtQlppSXhMOVdya2RGQVZ4N3JlMjFPX2dvemYtdGpHSzhvaEJxUFJ6V29ranRBWm5fb0tUWVBwYmVsVFI4UzR5T1pGeVJJdUdTUXBCbFp1RmdTM25QYndZVEhpb191UFp1LXhwRVNhMUk0VG5jZXd5dUNRU2hLQTFhd05peVBvM2dHMXliOW82LTZPUDJQTG1ZUGdjLUhDUnhnNEFOQ2M?oc=5\" target=\"_blank\" rel=\"nofollow noopener\">Sunderland chega a acordo com o PSG e anuncia refor\u00e7o para a defesa<\/a>&nbsp;&nbsp;zerozero.pt<\/li>\n<li><a href=\"https:\/\/news.google.com\/rss\/articles\/CBMizwFBVV95cUxPT1ZoRGVyS2lVbUFzbDEyUm9EcTZ5a3BlLTBYQ3k3ZTk4MWhRalNCZVBNdGV3MW8wb3FhbnNlWXZZb0pocFhDU1pxWFJVdWdBRFREbGR6X2NHWmFqZXMtSGZ3LVpEUE93dGNEaHg1WnJaTnNhZDlMdG5QZXJfVUZPQk5DRFNSTEcyMGJvZi1KRGRSS3JiT3pGaFFHUS1LLU1hRTNHTXppclpKazBKM3Z3Mm04OUNtM3Q1ckpaMkNWNU9zdkVGVHJBRnZKSUxiU2M?oc=5\" target=\"_blank\" rel=\"nofollow noopener\">Oficial: H\u00e1 tr\u00eas anos o PSG deu 12 milh\u00f5es por ele, agora vende-o ao Sunderland por 11<\/a>&nbsp;&nbsp;A Bola<\/li>\n<li><a href=\"https:\/\/news.google.com\/rss\/articles\/CBMiqAFBVV95cUxNVzAzb0VsZUF2S0dUcWZTZWExRzNjd3plZENNVzcyMVByTHlLMHBxajExRG5Pcm5OMUFjV1FPUUxZdktsQ1loWVpwdml2U3paNnNkaTNGQmhsWXY5Ym10Sm55MTd3WENGbmt6LWYtajRoUWVzc1FYbDdxNnVfam00aGQ2RGxoZnpLRHZMOVdGck5MUTNBMGUteWQwN3FTRUFvNmJvbElnTkI?oc=5\" target=\"_blank\" rel=\"nofollow noopener\">Sunderland chega acordo com o PSG e anuncia refor\u00e7o para a defesa<\/a>&nbsp;&nbsp;ogol.com.br<\/li>\n<li><a href=\"https:\/\/news.google.com\/rss\/articles\/CBMiswFBVV95cUxQSmVhS2g0SGp6blZkWGRWeW1FWXZ1ZS1fcjJCQWpGVVRUVWpRMzNHQWFOTVVRTUtnb1RtVDYtVC12NjN5U1pEaWoxNkxKM2VndmhjdTk0TDI1TmRrYmdjRF9pVFhGVkFmbEQtX283X2IxOVE5SGpDdjN3dWlKajVtVkFNNjhnQ2E3aUp5MDJNU0pjdE83T2RoTGJwbDA3aWRyeWoyODFzUkRZOWhiSjdZdnNZMA?oc=5\" target=\"_blank\" rel=\"nofollow noopener\">Oficial: Nordi Mukiele \u00e9 refor\u00e7o do Sunderland<\/a>&nbsp;&nbsp;Flashscore.pt<\/li>\n<li><a href=\"https:\/\/news.google.com\/rss\/articles\/CBMimwFBVV95cUxNbHY1Qkg0eFR1NjlDMHZGLW9jQ190YWJ6NUxvN3hPeThXbmM0TEpwNzRfclZCeVRlYnZtQ0ZRTWtMeEt5VUpzcWpnVnZ2czFDWjVUdWpDTEtORHdFeG1NdnBIZEdXN1kwRVg1QUxkT0hXQXozTDVzWmh1UVZ0WG9GT19TajBxU0hzUnMwOElCNGZleDJxQ00wRlBjNA?oc=5\" target=\"_blank\" rel=\"nofollow noopener\">Sundarland assinou o zagueiro Mukiel do PSG<\/a>&nbsp;&nbsp;agazetadaregiao.com.br<\/li>\n<\/ol>\n","protected":false},"excerpt":{"rendered":"Sunderland chega a acordo com o PSG e anuncia refor\u00e7o para a defesa&nbsp;&nbsp;zerozero.pt Oficial: H\u00e1 tr\u00eas anos o&hellip;\n","protected":false},"author":2,"featured_media":33298,"comment_status":"","ping_status":"","sticky":false,"template":"","format":"standard","meta":{"footnotes":""},"categories":[87],"tags":[135,526,524,13,32,33,527,525,134,523],"class_list":{"0":"post-33297","1":"post","2":"type-post","3":"status-publish","4":"format-standard","5":"has-post-thumbnail","7":"category-desporto","8":"tag-desporto","9":"tag-football","10":"tag-futebol","11":"tag-noticias","12":"tag-portugal","13":"tag-pt","14":"tag-resultados","15":"tag-soccer","16":"tag-sports","17":"tag-zerozero"},"share_on_mastodon":{"url":"","error":""},"_links":{"self":[{"href":"https:\/\/www.europesays.com\/pt\/wp-json\/wp\/v2\/posts\/33297","targetHints":{"allow":["GET"]}}],"collection":[{"href":"https:\/\/www.europesays.com\/pt\/wp-json\/wp\/v2\/posts"}],"about":[{"href":"https:\/\/www.europesays.com\/pt\/wp-json\/wp\/v2\/types\/post"}],"author":[{"embeddable":true,"href":"https:\/\/www.europesays.com\/pt\/wp-json\/wp\/v2\/users\/2"}],"replies":[{"embeddable":true,"href":"https:\/\/www.europesays.com\/pt\/wp-json\/wp\/v2\/comments?post=33297"}],"version-history":[{"count":0,"href":"https:\/\/www.europesays.com\/pt\/wp-json\/wp\/v2\/posts\/33297\/revisions"}],"wp:featuredmedia":[{"embeddable":true,"href":"https:\/\/www.europesays.com\/pt\/wp-json\/wp\/v2\/media\/33298"}],"wp:attachment":[{"href":"https:\/\/www.europesays.com\/pt\/wp-json\/wp\/v2\/media?parent=33297"}],"wp:term":[{"taxonomy":"category","embeddable":true,"href":"https:\/\/www.europesays.com\/pt\/wp-json\/wp\/v2\/categories?post=33297"},{"taxonomy":"post_tag","embeddable":true,"href":"https:\/\/www.europesays.com\/pt\/wp-json\/wp\/v2\/tags?post=33297"}],"curies":[{"name":"wp","href":"https:\/\/api.w.org\/{rel}","templated":true}]}}