{"id":333057,"date":"2026-04-06T15:18:18","date_gmt":"2026-04-06T15:18:18","guid":{"rendered":"https:\/\/www.europesays.com\/pt\/333057\/"},"modified":"2026-04-06T15:18:18","modified_gmt":"2026-04-06T15:18:18","slug":"cada-vez-mais-familias-sem-outra-forma-de-comprar-bens-basicos","status":"publish","type":"post","link":"https:\/\/www.europesays.com\/pt\/333057\/","title":{"rendered":"cada vez mais fam\u00edlias sem outra forma de comprar bens b\u00e1sicos"},"content":{"rendered":"<p>Face ao custo de vida atual,  para muitas fam\u00edlias os cart\u00f5es de cr\u00e9dito j\u00e1 n\u00e3o s\u00e3o usados  para despesas-extra, mas sim para pagar os bens essenciais.Arquivo DN<\/p>\n<p><a class=\"arrow-component arr--section-name\" aria-label=\"section-name\" href=\"https:\/\/www.dn.pt\/sociedade\" rel=\"nofollow noopener\" target=\"_blank\">Sociedade<\/a><\/p>\n<p>O cr\u00e9dito, que antes servia para comprar um carro ou fazer obras, passou  a manter a luz acesa e o frigor\u00edfico abastecido. Entre os novos \u201ctrabalhadores pobres\u201d &#8211; com emprego e sal\u00e1rio fixos, mas sem dinheiro para chegar ao fim do m\u00eas -, \u00e9 comum cada fam\u00edlia gerir cinco cr\u00e9ditos ao mesmo tempo. A Deco fala numa espiral dif\u00edcil de travar e recebeu,  s\u00f3 em 2025, quase 30 mil pedidos de ajuda por excesso de endividamento.<\/p>\n<p>Publicado a:\u00a0<\/p>\n<p>05 Abr 2026, 21:09<\/p>\n<p>Loading content, please wait&#8230;<\/p>\n","protected":false},"excerpt":{"rendered":"Face ao custo de vida atual, para muitas fam\u00edlias os cart\u00f5es de cr\u00e9dito j\u00e1 n\u00e3o s\u00e3o usados para&hellip;\n","protected":false},"author":2,"featured_media":333058,"comment_status":"","ping_status":"","sticky":false,"template":"","format":"standard","meta":{"footnotes":"","_share_on_mastodon":"0"},"categories":[10],"tags":[27,28,49620,57745,57746,27755,306,12077,15,16,14,25,26,21,22,12,13,19,20,32,23,24,33,57744,17,18,57747,29,30,31],"class_list":["post-333057","post","type-post","status-publish","format-standard","has-post-thumbnail","category-portugal","tag-breaking-news","tag-breakingnews","tag-cabaz-alimentar","tag-cartoes-de-credito","tag-credito-pessoal","tag-custo-de-vida","tag-edicao-impressa","tag-familias","tag-featured-news","tag-featurednews","tag-headlines","tag-latest-news","tag-latestnews","tag-main-news","tag-mainnews","tag-news","tag-noticias","tag-noticias-principais","tag-noticiasprincipais","tag-portugal","tag-principais-noticias","tag-principaisnoticias","tag-pt","tag-sobreendividamento","tag-top-stories","tag-topstories","tag-trabalhador-pobre","tag-ultimas","tag-ultimas-noticias","tag-ultimasnoticias"],"share_on_mastodon":{"url":"","error":"Validation failed: Text character limit of 500 exceeded"},"_links":{"self":[{"href":"https:\/\/www.europesays.com\/pt\/wp-json\/wp\/v2\/posts\/333057","targetHints":{"allow":["GET"]}}],"collection":[{"href":"https:\/\/www.europesays.com\/pt\/wp-json\/wp\/v2\/posts"}],"about":[{"href":"https:\/\/www.europesays.com\/pt\/wp-json\/wp\/v2\/types\/post"}],"author":[{"embeddable":true,"href":"https:\/\/www.europesays.com\/pt\/wp-json\/wp\/v2\/users\/2"}],"replies":[{"embeddable":true,"href":"https:\/\/www.europesays.com\/pt\/wp-json\/wp\/v2\/comments?post=333057"}],"version-history":[{"count":0,"href":"https:\/\/www.europesays.com\/pt\/wp-json\/wp\/v2\/posts\/333057\/revisions"}],"wp:featuredmedia":[{"embeddable":true,"href":"https:\/\/www.europesays.com\/pt\/wp-json\/wp\/v2\/media\/333058"}],"wp:attachment":[{"href":"https:\/\/www.europesays.com\/pt\/wp-json\/wp\/v2\/media?parent=333057"}],"wp:term":[{"taxonomy":"category","embeddable":true,"href":"https:\/\/www.europesays.com\/pt\/wp-json\/wp\/v2\/categories?post=333057"},{"taxonomy":"post_tag","embeddable":true,"href":"https:\/\/www.europesays.com\/pt\/wp-json\/wp\/v2\/tags?post=333057"}],"curies":[{"name":"wp","href":"https:\/\/api.w.org\/{rel}","templated":true}]}}