{"id":33315,"date":"2025-08-17T16:24:09","date_gmt":"2025-08-17T16:24:09","guid":{"rendered":"https:\/\/www.europesays.com\/pt\/33315\/"},"modified":"2025-08-17T16:24:09","modified_gmt":"2025-08-17T16:24:09","slug":"homepod-mini-2-podera-chegar-ate-final-do-ano-com-chip-s11-e-wi-fi-6e-e-a-portugal","status":"publish","type":"post","link":"https:\/\/www.europesays.com\/pt\/33315\/","title":{"rendered":"HomePod mini 2 poder\u00e1 chegar at\u00e9 final do ano com chip S11 e Wi-Fi 6E. E a Portugal?"},"content":{"rendered":"<p>A Apple prepara-se para lan\u00e7ar o novo HomePod mini 2, uma coluna inteligente mais potente e moderna, que promete melhorias significativas em desempenho e conectividade. A grande novidade para o mercado nacional poder\u00e1 ser a sua chegada tamb\u00e9m a Portugal, j\u00e1 que se fala que a Siri em portugu\u00eas de Portugal poder\u00e1 finalmente ficar dispon\u00edvel <a target=\"_blank\" href=\"https:\/\/pplware.sapo.pt\/apple\/ios-18-4-beta-trara-boas-novidades-as-capacidades-da-siri-ao-portugues\/\" rel=\"nofollow noopener\">ainda este ano<\/a>.<\/p>\n<p><a target=\"_blank\" href=\"https:\/\/pplware.sapo.pt\/wp-content\/uploads\/2025\/08\/homepod_mini_2_00.webp\" rel=\"nofollow noopener\"><img fetchpriority=\"high\" decoding=\"async\" src=\"https:\/\/www.europesays.com\/pt\/wp-content\/uploads\/2025\/08\/homepod_mini_2_00-720x405.webp.webp\" alt=\"\" width=\"720\" height=\"405\" class=\"aligncenter size-medium wp-image-1073849\"  \/><\/a><\/p>\n<p>HomePod mini 2 poder\u00e1 tamb\u00e9m falar em portugu\u00eas de Portugal?<\/p>\n<p>O novo <strong>HomePod mini 2 ser\u00e1 mais r\u00e1pido gra\u00e7as ao chip S11<\/strong>, com suporte para Wi-Fi 6E e possivelmente novas cores.<\/p>\n<p>Chegar\u00e1 entre setembro e dezembro. A Apple est\u00e1 a trabalhar numa nova vers\u00e3o da sua coluna inteligente mais compacta.<\/p>\n<p>O pr\u00f3ximo HomePod mini, esperado at\u00e9 ao final de 2025, ser\u00e1 equipado com um processador atualizado baseado na arquitetura T8310, <strong>a mesma dos chips S9, S10 e S11 dos Apple Watch<\/strong> mais recentes.<\/p>\n<p>A revela\u00e7\u00e3o foi feita pelo MacRumors, gra\u00e7as \u00e0 descoberta do colaborador Aaron Perris no c\u00f3digo da Apple.<\/p>\n<p>O novo modelo tem o nome de c\u00f3digo B525, uma clara refer\u00eancia \u00e0 nova gera\u00e7\u00e3o do HomePod mini, considerando que o modelo atual \u00e9 <strong>identificado internamente como B520<\/strong>.<\/p>\n<p><a target=\"_blank\" href=\"https:\/\/pplware.sapo.pt\/wp-content\/uploads\/2025\/08\/homepod_mini_2_01.webp\" rel=\"nofollow noopener\"><img loading=\"lazy\" decoding=\"async\" src=\"https:\/\/www.europesays.com\/pt\/wp-content\/uploads\/2025\/08\/homepod_mini_2_01-720x405.webp.webp\" alt=\"\" width=\"720\" height=\"405\" class=\"aligncenter size-medium wp-image-1073851\"  \/><\/a><\/p>\n<p>Mesmo chip do Apple Watch<\/p>\n<p>O processador encontrado no c\u00f3digo \u00e9 precisamente um <strong>chip com arquitetura T8310<\/strong>, a mesma utilizada nos chips S9 e S10 dos Apple Watch Series 9 e 10. Tamb\u00e9m o S11, previsto para a S\u00e9rie 11 e para o Apple Watch Ultra 3, adotar\u00e1 a mesma base tecnol\u00f3gica.<\/p>\n<p>Por este motivo, \u00e9 prov\u00e1vel que o chip usado no novo HomePod mini seja precisamente o S11.<\/p>\n<p>Em compara\u00e7\u00e3o com o chip S5 presente no modelo atual, o novo processador representa um avan\u00e7o significativo. Trata-se de um <strong>chip dual-core de 64 bits com Neural Engine de 4 n\u00facleos<\/strong>, baseado no A16, capaz de garantir desempenhos muito superiores para opera\u00e7\u00f5es ligadas ao \u00e1udio, \u00e0 an\u00e1lise de voz e \u00e0 intera\u00e7\u00e3o com a Siri.<\/p>\n<p>M\u00f3dulo Wi-Fi e Bluetooth desenvolvido pela Apple<\/p>\n<p>Al\u00e9m do chip, o novo HomePod mini poder\u00e1 tamb\u00e9m integrar um m\u00f3dulo Wi-Fi e Bluetooth desenvolvido pela Apple com suporte para Wi-Fi 6E, como sugerem os rumores mais cred\u00edveis.<\/p>\n<p>Esta novidade permitir\u00e1 uma <strong>maior estabilidade e velocidade de liga\u00e7\u00e3o<\/strong> nas redes dom\u00e9sticas modernas.<\/p>\n<p>Quanto ao design e funcionalidades, ainda n\u00e3o existem detalhes confirmados, mas fala-se que a Apple poder\u00e1 introduzir novas cores, em linha com as escolhas feitas para outros dispositivos da gama.<\/p>\n<p>O <strong>lan\u00e7amento est\u00e1 previsto entre setembro e dezembro de 2025<\/strong>, embora a Apple ainda n\u00e3o tenha confirmado oficialmente a data de lan\u00e7amento.<\/p>\n","protected":false},"excerpt":{"rendered":"A Apple prepara-se para lan\u00e7ar o novo HomePod mini 2, uma coluna inteligente mais potente e moderna, que&hellip;\n","protected":false},"author":2,"featured_media":33316,"comment_status":"","ping_status":"","sticky":false,"template":"","format":"standard","meta":{"footnotes":""},"categories":[84],"tags":[109,107,108,10616,10617,10618,32,33,105,103,104,106,110],"class_list":{"0":"post-33315","1":"post","2":"type-post","3":"status-publish","4":"format-standard","5":"has-post-thumbnail","7":"category-ciencia-e-tecnologia","8":"tag-ciencia","9":"tag-ciencia-e-tecnologia","10":"tag-cienciaetecnologia","11":"tag-homepod","12":"tag-homepod-mini","13":"tag-homepod-mini-2","14":"tag-portugal","15":"tag-pt","16":"tag-science","17":"tag-science-and-technology","18":"tag-scienceandtechnology","19":"tag-technology","20":"tag-tecnologia"},"share_on_mastodon":{"url":"","error":""},"_links":{"self":[{"href":"https:\/\/www.europesays.com\/pt\/wp-json\/wp\/v2\/posts\/33315","targetHints":{"allow":["GET"]}}],"collection":[{"href":"https:\/\/www.europesays.com\/pt\/wp-json\/wp\/v2\/posts"}],"about":[{"href":"https:\/\/www.europesays.com\/pt\/wp-json\/wp\/v2\/types\/post"}],"author":[{"embeddable":true,"href":"https:\/\/www.europesays.com\/pt\/wp-json\/wp\/v2\/users\/2"}],"replies":[{"embeddable":true,"href":"https:\/\/www.europesays.com\/pt\/wp-json\/wp\/v2\/comments?post=33315"}],"version-history":[{"count":0,"href":"https:\/\/www.europesays.com\/pt\/wp-json\/wp\/v2\/posts\/33315\/revisions"}],"wp:featuredmedia":[{"embeddable":true,"href":"https:\/\/www.europesays.com\/pt\/wp-json\/wp\/v2\/media\/33316"}],"wp:attachment":[{"href":"https:\/\/www.europesays.com\/pt\/wp-json\/wp\/v2\/media?parent=33315"}],"wp:term":[{"taxonomy":"category","embeddable":true,"href":"https:\/\/www.europesays.com\/pt\/wp-json\/wp\/v2\/categories?post=33315"},{"taxonomy":"post_tag","embeddable":true,"href":"https:\/\/www.europesays.com\/pt\/wp-json\/wp\/v2\/tags?post=33315"}],"curies":[{"name":"wp","href":"https:\/\/api.w.org\/{rel}","templated":true}]}}