{"id":333359,"date":"2026-04-06T19:29:11","date_gmt":"2026-04-06T19:29:11","guid":{"rendered":"https:\/\/www.europesays.com\/pt\/333359\/"},"modified":"2026-04-06T19:29:11","modified_gmt":"2026-04-06T19:29:11","slug":"ruben-amorim-desdobra-se-em-fotografias-na-visita-as-aguias-de-camarate","status":"publish","type":"post","link":"https:\/\/www.europesays.com\/pt\/333359\/","title":{"rendered":"Ruben Amorim desdobra-se em fotografias na visita \u00e0s \u00c1guias de Camarate"},"content":{"rendered":"<p style=\"margin-bottom:11px\">Sem clube desde que deixou o Manchester United, Ruben Amorim visitou a Escola de Futebol das \u00c1guias de Camarate, em Lisboa, para felicidade dos jovens jogadores. Nas redes sociais, o clube revelou que o antigo treinador do Sporting esteve no centro de forma\u00e7\u00e3o no s\u00e1bado<\/p>\n<p>\u00abOs nossos jovens atletas tiveram a oportunidade de partilhar momentos \u00fanicos, tirar fotografias e sentir ainda mais de perto o sonho que todos vivem: jogar futebol. Momentos como este ficam para sempre na mem\u00f3ria dos nossos mi\u00fados e s\u00e3o uma enorme motiva\u00e7\u00e3o para continuarem a trabalhar, aprender e acreditar.\u00bb<\/p>\n<p>\u00abObrigado pela visita e pela inspira\u00e7\u00e3o\u00bb, l\u00ea-se na publica\u00e7\u00e3o.<\/p>\n","protected":false},"excerpt":{"rendered":"Sem clube desde que deixou o Manchester United, Ruben Amorim visitou a Escola de Futebol das \u00c1guias de&hellip;\n","protected":false},"author":2,"featured_media":333360,"comment_status":"","ping_status":"","sticky":false,"template":"","format":"standard","meta":{"footnotes":"","_share_on_mastodon":"0"},"categories":[87],"tags":[57790,10818,57791,135,8344,46,7660,32,33,47,1052,134],"class_list":["post-333359","post","type-post","status-publish","format-standard","has-post-thumbnail","category-desporto","tag-aguias-de-camarate","tag-amorim","tag-camarate","tag-desporto","tag-formacao","tag-maisfutebol","tag-mf-social","tag-portugal","tag-pt","tag-pura-paixao","tag-ruben-amorim","tag-sports"],"share_on_mastodon":{"url":"https:\/\/pubeurope.com\/@pt\/116359421459825143","error":""},"_links":{"self":[{"href":"https:\/\/www.europesays.com\/pt\/wp-json\/wp\/v2\/posts\/333359","targetHints":{"allow":["GET"]}}],"collection":[{"href":"https:\/\/www.europesays.com\/pt\/wp-json\/wp\/v2\/posts"}],"about":[{"href":"https:\/\/www.europesays.com\/pt\/wp-json\/wp\/v2\/types\/post"}],"author":[{"embeddable":true,"href":"https:\/\/www.europesays.com\/pt\/wp-json\/wp\/v2\/users\/2"}],"replies":[{"embeddable":true,"href":"https:\/\/www.europesays.com\/pt\/wp-json\/wp\/v2\/comments?post=333359"}],"version-history":[{"count":0,"href":"https:\/\/www.europesays.com\/pt\/wp-json\/wp\/v2\/posts\/333359\/revisions"}],"wp:featuredmedia":[{"embeddable":true,"href":"https:\/\/www.europesays.com\/pt\/wp-json\/wp\/v2\/media\/333360"}],"wp:attachment":[{"href":"https:\/\/www.europesays.com\/pt\/wp-json\/wp\/v2\/media?parent=333359"}],"wp:term":[{"taxonomy":"category","embeddable":true,"href":"https:\/\/www.europesays.com\/pt\/wp-json\/wp\/v2\/categories?post=333359"},{"taxonomy":"post_tag","embeddable":true,"href":"https:\/\/www.europesays.com\/pt\/wp-json\/wp\/v2\/tags?post=333359"}],"curies":[{"name":"wp","href":"https:\/\/api.w.org\/{rel}","templated":true}]}}