{"id":333561,"date":"2026-04-06T22:46:14","date_gmt":"2026-04-06T22:46:14","guid":{"rendered":"https:\/\/www.europesays.com\/pt\/333561\/"},"modified":"2026-04-06T22:46:14","modified_gmt":"2026-04-06T22:46:14","slug":"este-cartao-permite-viajar-pela-europa-sem-gastar-uma-fortuna","status":"publish","type":"post","link":"https:\/\/www.europesays.com\/pt\/333561\/","title":{"rendered":"Este cart\u00e3o permite viajar pela Europa sem gastar uma fortuna"},"content":{"rendered":"<p>Viajar j\u00e1 n\u00e3o \u00e9 um luxo reservado a poucos; hoje, gra\u00e7as a iniciativas pensadas para jovens, explorar novos destinos ficou mais acess\u00edvel e econ\u00f3mico. Este cart\u00e3o n\u00e3o oferece apenas descontos em Portugal, mas permite viajar pela Europa sem gastar uma fortuna.<\/p>\n<p><a target=\"_blank\" href=\"https:\/\/pplware.sapo.pt\/wp-content\/uploads\/2026\/04\/viajar-viagem-2-1.jpg\" onclick=\"refreshIframe()\" class=\"foobox\" rel=\"nofollow noopener\"><img fetchpriority=\"high\" decoding=\"async\" src=\"https:\/\/www.europesays.com\/pt\/wp-content\/uploads\/2026\/04\/viajar-viagem-2-1-720x405.jpg\" alt=\"\" width=\"720\" height=\"405\" class=\"aligncenter size-medium wp-image-1112531\"  \/><\/a>\n<\/p>\n<p>De nome European Youth Card (EYC) Card, o cart\u00e3o jovem europeu \u00e9 um cart\u00e3o pensado para jovens que oferece uma grande variedade de descontos e vantagens em toda a Europa.<\/p>\n<p>Criado pela European Youth Card Association (EYCA), o cart\u00e3o permite que os jovens economizem em transportes, alojamento, cultura, restaurantes e servi\u00e7os, tornando viagens e atividades de lazer mais acess\u00edveis.<\/p>\n<p>Ao planear uma viagem internacional, \u00e9 \u00fatil <a target=\"_blank\" href=\"https:\/\/eyca.org\/discounts\" rel=\"nofollow noopener\">consultar a lista de descontos dispon\u00edveis em cada pa\u00eds<\/a>, pois h\u00e1 centenas de atra\u00e7\u00f5es, museus, parques, transportes e atividades culturais que participam da rede de parcerias do cart\u00e3o, podendo tornar a experi\u00eancia muito mais econ\u00f3mica.<\/p>\n<p>Cart\u00e3o Jovem em Portugal<\/p>\n<p>Em Portugal, o EYC Card \u00e9 representado pelo <a target=\"_blank\" href=\"https:\/\/eyca.org\/card\/portugal-card\" rel=\"nofollow noopener\">Cart\u00e3o Jovem<\/a>, emitido pela Movijovem, mantendo as vantagens do cart\u00e3o europeu, mas com benef\u00edcios adaptados ao contexto nacional, <a target=\"_blank\" href=\"https:\/\/eyca.org\/card\" rel=\"nofollow noopener\">\u00e0 semelhan\u00e7a do que acontece noutros pa\u00edses do bloco<\/a>.<\/p>\n<p>Entre os exemplos de <a target=\"_blank\" href=\"https:\/\/eyca.org\/discounts\/pt\" rel=\"nofollow noopener\">descontos dispon\u00edveis<\/a> destacam-se entradas em museus e cinemas, passes de transportes p\u00fablicos, alojamento em hostels ou hot\u00e9is parceiros e acesso a eventos culturais e desportivos.<\/p>\n<p style=\"text-align: center;\">\n<p>Numa parceria com a Ordem dos Psic\u00f3logos, destinada a refor\u00e7ar o apoio \u00e0 sa\u00fade mental dos jovens, o Cart\u00e3o Jovem oferece acesso a uma <a target=\"_blank\" href=\"https:\/\/www.cartaojovem.pt\/Content\/UpLoadedFiles\/RedePsicologos_Site_30_01_2026.pdf\" rel=\"nofollow noopener\">rede de psic\u00f3logos<\/a>, com consultas a pre\u00e7os reduzidos. Em Portugal, o Cart\u00e3o Jovem oferece:<\/p>\n<ul>\n<li>Primeira consulta gratuita;<\/li>\n<li>Quatro consultas seguintes com uma tarifa m\u00e1xima de 25 euros;<\/li>\n<li>Desconto m\u00ednimo de 50% sobre o valor de tabela nas consultas subsequentes.<\/li>\n<\/ul>\n<p>Mais, os jovens com idades entre 18 e 29 anos (inclusive), com resid\u00eancia em Portugal e volunt\u00e1rios ou membros de uma associa\u00e7\u00e3o, podem aderir ao <a target=\"_blank\" href=\"https:\/\/www.cartaojovem.pt\/Cartoes\/Cartao-Jovem-Mais\" rel=\"nofollow noopener\">Cart\u00e3o Jovem Mais<\/a>.<\/p>\n<p>Por forma a conhecer o m\u00e9rito dos jovens que se envolvam em a\u00e7\u00f5es de voluntariado e solidariedade, esta iniciativa nacional e de \u00e2mbito europeu oferece vantagens exclusivas, como descontos, isen\u00e7\u00f5es ou servi\u00e7os, prestados por entidades p\u00fablicas e privadas, entre outros.<\/p>\n<p>O cart\u00e3o destina-se a jovens com idades at\u00e9 cerca de 30 anos, e pode ser utilizado em formato digital, atrav\u00e9s da aplica\u00e7\u00e3o oficial, facilitando o acesso r\u00e1pido e simples aos descontos e benef\u00edcios, tanto em Portugal como no resto da Europa.<\/p>\n<p>Consultar regularmente a lista de parceiros e descontos permite tirar o m\u00e1ximo proveito das vantagens, tornando viagens, atividades culturais e experi\u00eancias de lazer mais acess\u00edveis.<\/p>\n","protected":false},"excerpt":{"rendered":"Viajar j\u00e1 n\u00e3o \u00e9 um luxo reservado a poucos; hoje, gra\u00e7as a iniciativas pensadas para jovens, explorar novos&hellip;\n","protected":false},"author":2,"featured_media":333562,"comment_status":"","ping_status":"","sticky":false,"template":"","format":"standard","meta":{"footnotes":"","_share_on_mastodon":"0"},"categories":[10],"tags":[27,28,57808,57809,15,16,14,25,26,21,22,12,13,19,20,32,23,24,33,17,18,29,30,31,10780],"class_list":["post-333561","post","type-post","status-publish","format-standard","has-post-thumbnail","category-portugal","tag-breaking-news","tag-breakingnews","tag-cartao-jovem","tag-eyc-card","tag-featured-news","tag-featurednews","tag-headlines","tag-latest-news","tag-latestnews","tag-main-news","tag-mainnews","tag-news","tag-noticias","tag-noticias-principais","tag-noticiasprincipais","tag-portugal","tag-principais-noticias","tag-principaisnoticias","tag-pt","tag-top-stories","tag-topstories","tag-ultimas","tag-ultimas-noticias","tag-ultimasnoticias","tag-viajar"],"share_on_mastodon":{"url":"https:\/\/pubeurope.com\/@pt\/116360196281754324","error":""},"_links":{"self":[{"href":"https:\/\/www.europesays.com\/pt\/wp-json\/wp\/v2\/posts\/333561","targetHints":{"allow":["GET"]}}],"collection":[{"href":"https:\/\/www.europesays.com\/pt\/wp-json\/wp\/v2\/posts"}],"about":[{"href":"https:\/\/www.europesays.com\/pt\/wp-json\/wp\/v2\/types\/post"}],"author":[{"embeddable":true,"href":"https:\/\/www.europesays.com\/pt\/wp-json\/wp\/v2\/users\/2"}],"replies":[{"embeddable":true,"href":"https:\/\/www.europesays.com\/pt\/wp-json\/wp\/v2\/comments?post=333561"}],"version-history":[{"count":0,"href":"https:\/\/www.europesays.com\/pt\/wp-json\/wp\/v2\/posts\/333561\/revisions"}],"wp:featuredmedia":[{"embeddable":true,"href":"https:\/\/www.europesays.com\/pt\/wp-json\/wp\/v2\/media\/333562"}],"wp:attachment":[{"href":"https:\/\/www.europesays.com\/pt\/wp-json\/wp\/v2\/media?parent=333561"}],"wp:term":[{"taxonomy":"category","embeddable":true,"href":"https:\/\/www.europesays.com\/pt\/wp-json\/wp\/v2\/categories?post=333561"},{"taxonomy":"post_tag","embeddable":true,"href":"https:\/\/www.europesays.com\/pt\/wp-json\/wp\/v2\/tags?post=333561"}],"curies":[{"name":"wp","href":"https:\/\/api.w.org\/{rel}","templated":true}]}}