{"id":336450,"date":"2026-04-09T02:09:18","date_gmt":"2026-04-09T02:09:18","guid":{"rendered":"https:\/\/www.europesays.com\/pt\/336450\/"},"modified":"2026-04-09T02:09:18","modified_gmt":"2026-04-09T02:09:18","slug":"drahi-seleciona-quatro-candidatos-para-vender-fibra-em-franca-por-oito-mil-milhoes-telecomunicacoes","status":"publish","type":"post","link":"https:\/\/www.europesays.com\/pt\/336450\/","title":{"rendered":"Drahi seleciona quatro candidatos para vender fibra em Fran\u00e7a por oito mil milh\u00f5es &#8211; Telecomunica\u00e7\u00f5es"},"content":{"rendered":"<p class=\"\">&#13;<br \/>\n        O fundador da Altice j\u00e1 <b>ter\u00e1 encolhido a lista de candidatos que v\u00e3o avan\u00e7ar para a compra da rede de fibra XpFibre em Fran\u00e7a<\/b>. Patrick Drahi det\u00e9m, atrav\u00e9s da Altice Fran\u00e7a, 50,01% desta rede, e as ofertas ficaram abaixo do valor que pediu inicialmente.&#13;\n    <\/p>\n<p class=\"\">&#13;<br \/>\n        Foram, de acordo com a Bloomberg, <b>selecionados quatro candidatos<\/b> para continuarem na corrida: a DigitalBridge Group, KKR, Brookfield Asset Management e a Vauban Infrastructure Partners. O Financial Times tinha indicado que a Global Infrastructure Partners, a francesa Ardian, os australianos\u00a0IFM Investors e o fundo de pens\u00f5es canadiano La Caisse, mas estes n\u00e3o seguiram para a fase final.&#13;\n    <\/p>\n<p class=\"\">&#13;<br \/>\n        As <b>ofertas iniciais pela XpFibre avaliaram a empresa em cerca de oito mil milh\u00f5es de euros,<\/b> j\u00e1 incluindo a d\u00edvida, segundo fontes da Bloomberg.&#13;\n    <\/p>\n<p>8Fibra<\/p>\n<p>As propostas pela rede de fibra v\u00e3o at\u00e9 aos oito mil milh\u00f5es de euros, um valor abaixo do que Patrick Drahi pretendia.<\/p>\n<p class=\"\">&#13;<br \/>\n        Estes candidatos devem apresentar as propostas finais em maio, sendo que podem tamb\u00e9m considerar que a XpFibre n\u00e3o se insere nos respetivos portef\u00f3lios. Ou seja, mesmo que as delibera\u00e7\u00f5es das propostas estejam atualmente em curso, o leque de interessados neste ativo da Altice pode diminuir nos pr\u00f3ximos meses.&#13;\n    <\/p>\n<p class=\"\">&#13;<br \/>\n        De recordar que <b>Patrick Drahi estava a pedir 10 mil milh\u00f5es de euros<\/b> pela rede de fibra, sendo detentor de uma participa\u00e7\u00e3o maiorit\u00e1ria. O patr\u00e3o da Altice estava a contar com a escala da rede, uma vez que a infraestrutura\u00a0chega a sete milh\u00f5es de habita\u00e7\u00f5es em Fran\u00e7a, e com a sua rentabilidade para alavancar o pre\u00e7o de venda. O objetivo \u00e9 encaixar o maior montante poss\u00edvel, tentando diminuir a d\u00edvida que est\u00e1 a assolar as finan\u00e7as da empresa.&#13;\n    <\/p>\n<p class=\"\">&#13;<br \/>\n        Drahi colocou tamb\u00e9m a operadora francesa SFR \u00e0 venda. Esta atraiu uma oferta de 17 mil milh\u00f5es de euros em outubro do ano passado dos seus maiores concorrentes, a\u00a0Bouygues Telecom, Iliad e Orange, tendo sido rejeitada por um valor ser baixo. No in\u00edcio deste ano, o cons\u00f3rcio lan\u00e7ou uma nova ofensiva.&#13;\n    <\/p>\n","protected":false},"excerpt":{"rendered":"&#13; O fundador da Altice j\u00e1 ter\u00e1 encolhido a lista de candidatos que v\u00e3o avan\u00e7ar para a compra&hellip;\n","protected":false},"author":2,"featured_media":336451,"comment_status":"","ping_status":"","sticky":false,"template":"","format":"standard","meta":{"footnotes":"","_share_on_mastodon":"0"},"categories":[83],"tags":[50365,58210,88,58209,89,90,208,58211,58208,58207,58206,16648,50361,32,33,50362],"class_list":["post-336450","post","type-post","status-publish","format-standard","has-post-thumbnail","category-empresas","tag-bouygues-telecom","tag-brookfield-asset-management","tag-business","tag-digitalbridge","tag-economy","tag-empresas","tag-franca","tag-global-infrastructure-partners","tag-ifm-investors","tag-iliad-italia","tag-kohlberg-kravis-roberts","tag-milhoes","tag-patrick-drahi","tag-portugal","tag-pt","tag-sfr"],"share_on_mastodon":{"url":"https:\/\/pubeurope.com\/@pt\/116372318760123603","error":""},"_links":{"self":[{"href":"https:\/\/www.europesays.com\/pt\/wp-json\/wp\/v2\/posts\/336450","targetHints":{"allow":["GET"]}}],"collection":[{"href":"https:\/\/www.europesays.com\/pt\/wp-json\/wp\/v2\/posts"}],"about":[{"href":"https:\/\/www.europesays.com\/pt\/wp-json\/wp\/v2\/types\/post"}],"author":[{"embeddable":true,"href":"https:\/\/www.europesays.com\/pt\/wp-json\/wp\/v2\/users\/2"}],"replies":[{"embeddable":true,"href":"https:\/\/www.europesays.com\/pt\/wp-json\/wp\/v2\/comments?post=336450"}],"version-history":[{"count":0,"href":"https:\/\/www.europesays.com\/pt\/wp-json\/wp\/v2\/posts\/336450\/revisions"}],"wp:featuredmedia":[{"embeddable":true,"href":"https:\/\/www.europesays.com\/pt\/wp-json\/wp\/v2\/media\/336451"}],"wp:attachment":[{"href":"https:\/\/www.europesays.com\/pt\/wp-json\/wp\/v2\/media?parent=336450"}],"wp:term":[{"taxonomy":"category","embeddable":true,"href":"https:\/\/www.europesays.com\/pt\/wp-json\/wp\/v2\/categories?post=336450"},{"taxonomy":"post_tag","embeddable":true,"href":"https:\/\/www.europesays.com\/pt\/wp-json\/wp\/v2\/tags?post=336450"}],"curies":[{"name":"wp","href":"https:\/\/api.w.org\/{rel}","templated":true}]}}