{"id":336589,"date":"2026-04-09T05:19:11","date_gmt":"2026-04-09T05:19:11","guid":{"rendered":"https:\/\/www.europesays.com\/pt\/336589\/"},"modified":"2026-04-09T05:19:11","modified_gmt":"2026-04-09T05:19:11","slug":"banco-do-bcp-na-polonia-reduz-provisoes-para-metade-energia","status":"publish","type":"post","link":"https:\/\/www.europesays.com\/pt\/336589\/","title":{"rendered":"Banco do BCP na Pol\u00f3nia reduz provis\u00f5es para metade &#8211; Energia"},"content":{"rendered":"<p class=\"\">&#13;<br \/>\n        No primeiro trimestre do ano, o Bank Millennium, detido a 50,1% pelo BCP, dever\u00e1 constituir provis\u00f5es\u00a0 de 226 milh\u00f5es de zlotis para riscos legais associados a cr\u00e9ditos em francos su\u00ed\u00e7os. O valor, que equivale a aproximadamente 53 milh\u00f5es de euros \u00e0 taxa de c\u00e2mbio atual, representa uma queda para cerca de metade face aos <b><a href=\"https:\/\/www.jornaldenegocios.pt\/redirect-to?token=EiEnOjA%2FNiB3YmFga2ZiZ3diY2F3ZWBqYmJhZGBkY2Fqa2JhY2Fk\" target=\"_self\" rel=\"tag nofollow noopener\">445 milh\u00f5es de zlotis registados no mesmo per\u00edodo de 2025<\/a><\/b>.&#13;\n    <\/p>\n<p class=\"\">&#13;<br \/>\n        &#8220;O Conselho de Administra\u00e7\u00e3o Executivo do Bank Millennium informa que a estimativa preliminar de constitui\u00e7\u00e3o de provis\u00f5es para risco legal, no primeiro trimestre de 2026,\u00a0relacionadas com empr\u00e9stimos hipotec\u00e1rios em moeda estrangeira originados pelo Bank\u00a0Millennium ascende a 190 milh\u00f5es de zl\u00f3tis&#8221;, informou o banco, num comunicado replicado pelo portugu\u00eas BCP e enviado \u00e0 Comiss\u00e3o do Mercado de Valores Mobili\u00e1rios (CMVM). &#13;\n    <\/p>\n<p class=\"\">&#13;<br \/>\n        &#8220;Adicionalmente ser\u00e3o tamb\u00e9m constitu\u00eddas no primeiro trimestre de 2026 provis\u00f5es de 36 milh\u00f5es de zl\u00f3tis para riscos legais relacionados com a\u00a0carteira de cr\u00e9dito originada pelo Euro Bank, contudo sem impacto nos resultados l\u00edquidos&#8221;, acrescenta a institui\u00e7\u00e3o financeira.\u00a0&#13;\n    <\/p>\n<p class=\"\">&#13;<br \/>\n        O valor final das provis\u00f5es para riscos legais ser\u00e1 divulgado no relat\u00f3rio do primeiro trimestre de 2026, agendado para o dia 28 de abril.&#13;\n    <\/p>\n<p class=\"\">&#13;<br \/>\n        O problema na origem das provis\u00f5es remonta a 2008, quando a institui\u00e7\u00e3o concedia empr\u00e9stimos em francos su\u00ed\u00e7os. A valoriza\u00e7\u00e3o da moeda helv\u00e9tica no mercado cambial provocou dificuldades aos titulares desses cr\u00e9ditos, e em 2019 o Tribunal de Justi\u00e7a Europeu determinou que os clientes t\u00eam o direito de pedir a convers\u00e3o dos empr\u00e9stimos para a moeda local, o que obrigou o Bank Millennium a constituir reservas para lidar com esses custos.&#13;\n    <\/p>\n","protected":false},"excerpt":{"rendered":"&#13; No primeiro trimestre do ano, o Bank Millennium, detido a 50,1% pelo BCP, dever\u00e1 constituir provis\u00f5es\u00a0 de&hellip;\n","protected":false},"author":2,"featured_media":336590,"comment_status":"","ping_status":"","sticky":false,"template":"","format":"standard","meta":{"footnotes":"","_share_on_mastodon":"0"},"categories":[83],"tags":[42818,88,40955,89,90,14852,16648,5300,32,33],"class_list":["post-336589","post","type-post","status-publish","format-standard","has-post-thumbnail","category-empresas","tag-bank-millennium","tag-business","tag-credito-e-divida","tag-economy","tag-empresas","tag-emprestimos","tag-milhoes","tag-polonia","tag-portugal","tag-pt"],"share_on_mastodon":{"url":"https:\/\/pubeurope.com\/@pt\/116373066015962669","error":""},"_links":{"self":[{"href":"https:\/\/www.europesays.com\/pt\/wp-json\/wp\/v2\/posts\/336589","targetHints":{"allow":["GET"]}}],"collection":[{"href":"https:\/\/www.europesays.com\/pt\/wp-json\/wp\/v2\/posts"}],"about":[{"href":"https:\/\/www.europesays.com\/pt\/wp-json\/wp\/v2\/types\/post"}],"author":[{"embeddable":true,"href":"https:\/\/www.europesays.com\/pt\/wp-json\/wp\/v2\/users\/2"}],"replies":[{"embeddable":true,"href":"https:\/\/www.europesays.com\/pt\/wp-json\/wp\/v2\/comments?post=336589"}],"version-history":[{"count":0,"href":"https:\/\/www.europesays.com\/pt\/wp-json\/wp\/v2\/posts\/336589\/revisions"}],"wp:featuredmedia":[{"embeddable":true,"href":"https:\/\/www.europesays.com\/pt\/wp-json\/wp\/v2\/media\/336590"}],"wp:attachment":[{"href":"https:\/\/www.europesays.com\/pt\/wp-json\/wp\/v2\/media?parent=336589"}],"wp:term":[{"taxonomy":"category","embeddable":true,"href":"https:\/\/www.europesays.com\/pt\/wp-json\/wp\/v2\/categories?post=336589"},{"taxonomy":"post_tag","embeddable":true,"href":"https:\/\/www.europesays.com\/pt\/wp-json\/wp\/v2\/tags?post=336589"}],"curies":[{"name":"wp","href":"https:\/\/api.w.org\/{rel}","templated":true}]}}