{"id":336796,"date":"2026-04-09T11:08:12","date_gmt":"2026-04-09T11:08:12","guid":{"rendered":"https:\/\/www.europesays.com\/pt\/336796\/"},"modified":"2026-04-09T11:08:12","modified_gmt":"2026-04-09T11:08:12","slug":"sis-lanca-alerta-de-ciberespionagem-atencao-ao-seu-router","status":"publish","type":"post","link":"https:\/\/www.europesays.com\/pt\/336796\/","title":{"rendered":"SIS lan\u00e7a alerta de ciberespionagem! Aten\u00e7\u00e3o ao seu router"},"content":{"rendered":"<p>O Servi\u00e7o de Informa\u00e7\u00f5es de Seguran\u00e7a (SIS) lan\u00e7ou um alerta para uma campanha de ciberespionagem \u00e0 escala global que poder\u00e1 tamb\u00e9m afetar utilizadores e organiza\u00e7\u00f5es em Portugal.<\/p>\n<p><a target=\"_blank\" href=\"https:\/\/pplware.sapo.pt\/wp-content\/uploads\/2024\/08\/router_00.jpg\" onclick=\"refreshIframe()\" class=\"foobox\" rel=\"nofollow noopener\"><img fetchpriority=\"high\" decoding=\"async\" src=\"https:\/\/www.europesays.com\/pt\/wp-content\/uploads\/2025\/11\/router_00-720x405.jpg\" alt=\"\" width=\"720\" height=\"405\" class=\"aligncenter size-medium wp-image-1010283\"  \/><\/a><\/p>\n<p>Segundo a informa\u00e7\u00e3o divulgada, esta opera\u00e7\u00e3o est\u00e1 a ser conduzida por agentes associados ao servi\u00e7o de informa\u00e7\u00f5es militares russo (GRU) e<strong> tem como principal objetivo comprometer routers, permitindo a interce\u00e7\u00e3o e exfiltra\u00e7\u00e3o de dados sens\u00edveis.<\/strong><\/p>\n<p>SIS refere que routers s\u00e3o o alvo principal<\/p>\n<p>Os atacantes exploram vulnerabilidades em equipamentos de rede para obter acesso privilegiado ao tr\u00e1fego que por eles passa. Na pr\u00e1tica, o objetivo \u00e9:<\/p>\n<ul>\n<li>Intercetar comunica\u00e7\u00f5es<\/li>\n<li>Capturar credenciais e tokens de autentica\u00e7\u00e3o<\/li>\n<li>Aceder a emails e dados de navega\u00e7\u00e3o<\/li>\n<li>Redirecionar tr\u00e1fego para infraestruturas controladas pelos atacantes<\/li>\n<\/ul>\n<p>Mesmo comunica\u00e7\u00f5es protegidas por protocolos como SSL e TLS podem ser comprometidas neste cen\u00e1rio.<\/p>\n<p>De acordo com o SIS, esta campanha j\u00e1 decorre desde 2024 e ter\u00e1 resultado no comprometimento de informa\u00e7\u00e3o sens\u00edvel de cidad\u00e3os e institui\u00e7\u00f5es a n\u00edvel internacional.<\/p>\n<p><a target=\"_blank\" href=\"https:\/\/pplware.sapo.pt\/wp-content\/uploads\/2024\/09\/Otimize-as-configuracoes-do-seu-router.jpeg\" onclick=\"refreshIframe()\" class=\"foobox\" rel=\"nofollow noopener\"><img loading=\"lazy\" decoding=\"async\" src=\"https:\/\/www.europesays.com\/pt\/wp-content\/uploads\/2026\/04\/Otimize-as-configuracoes-do-seu-router-720x419.jpeg\" alt=\"\" width=\"720\" height=\"419\" class=\"aligncenter size-medium wp-image-1014348\"  \/><\/a><\/p>\n<p>Alerta internacional coordenado<\/p>\n<p>Portugal junta-se a v\u00e1rios pa\u00edses aliados, incluindo EUA, Alemanha e outros parceiros europeus, na divulga\u00e7\u00e3o deste alerta, com o objetivo de sensibilizar utilizadores e organiza\u00e7\u00f5es para o risco e incentivar a ado\u00e7\u00e3o de medidas de mitiga\u00e7\u00e3o.<\/p>\n<p><strong>O SIS recomenda:<\/strong><\/p>\n<ul>\n<li>Verificar e atualizar routers e equipamentos de rede<\/li>\n<li>Alterar credenciais de acesso<\/li>\n<li>Monitorizar comportamentos an\u00f3malos na rede<\/li>\n<li>Contactar as autoridades competentes em caso de suspeita<\/li>\n<\/ul>\n","protected":false},"excerpt":{"rendered":"O Servi\u00e7o de Informa\u00e7\u00f5es de Seguran\u00e7a (SIS) lan\u00e7ou um alerta para uma campanha de ciberespionagem \u00e0 escala global&hellip;\n","protected":false},"author":2,"featured_media":166114,"comment_status":"","ping_status":"","sticky":false,"template":"","format":"standard","meta":{"footnotes":"","_share_on_mastodon":"0"},"categories":[50],"tags":[27,28,15,16,14,25,26,21,22,62,12,13,19,20,23,24,58242,36446,17,18,29,30,31,63,64,65],"class_list":["post-336796","post","type-post","status-publish","format-standard","has-post-thumbnail","category-mundo","tag-breaking-news","tag-breakingnews","tag-featured-news","tag-featurednews","tag-headlines","tag-latest-news","tag-latestnews","tag-main-news","tag-mainnews","tag-mundo","tag-news","tag-noticias","tag-noticias-principais","tag-noticiasprincipais","tag-principais-noticias","tag-principaisnoticias","tag-router","tag-sis","tag-top-stories","tag-topstories","tag-ultimas","tag-ultimas-noticias","tag-ultimasnoticias","tag-world","tag-world-news","tag-worldnews"],"share_on_mastodon":{"url":"https:\/\/pubeurope.com\/@pt\/116374438735829150","error":""},"_links":{"self":[{"href":"https:\/\/www.europesays.com\/pt\/wp-json\/wp\/v2\/posts\/336796","targetHints":{"allow":["GET"]}}],"collection":[{"href":"https:\/\/www.europesays.com\/pt\/wp-json\/wp\/v2\/posts"}],"about":[{"href":"https:\/\/www.europesays.com\/pt\/wp-json\/wp\/v2\/types\/post"}],"author":[{"embeddable":true,"href":"https:\/\/www.europesays.com\/pt\/wp-json\/wp\/v2\/users\/2"}],"replies":[{"embeddable":true,"href":"https:\/\/www.europesays.com\/pt\/wp-json\/wp\/v2\/comments?post=336796"}],"version-history":[{"count":0,"href":"https:\/\/www.europesays.com\/pt\/wp-json\/wp\/v2\/posts\/336796\/revisions"}],"wp:featuredmedia":[{"embeddable":true,"href":"https:\/\/www.europesays.com\/pt\/wp-json\/wp\/v2\/media\/166114"}],"wp:attachment":[{"href":"https:\/\/www.europesays.com\/pt\/wp-json\/wp\/v2\/media?parent=336796"}],"wp:term":[{"taxonomy":"category","embeddable":true,"href":"https:\/\/www.europesays.com\/pt\/wp-json\/wp\/v2\/categories?post=336796"},{"taxonomy":"post_tag","embeddable":true,"href":"https:\/\/www.europesays.com\/pt\/wp-json\/wp\/v2\/tags?post=336796"}],"curies":[{"name":"wp","href":"https:\/\/api.w.org\/{rel}","templated":true}]}}