{"id":337540,"date":"2026-04-09T22:33:19","date_gmt":"2026-04-09T22:33:19","guid":{"rendered":"https:\/\/www.europesays.com\/pt\/337540\/"},"modified":"2026-04-09T22:33:19","modified_gmt":"2026-04-09T22:33:19","slug":"melania-trump-pede-fim-das-mentiras-sobre-si-e-jeffrey-epstein-em-declaracao-rara-eua","status":"publish","type":"post","link":"https:\/\/www.europesays.com\/pt\/337540\/","title":{"rendered":"Melania Trump pede fim das \u201cmentiras\u201d sobre si e Jeffrey Epstein em declara\u00e7\u00e3o rara | EUA"},"content":{"rendered":"<p>\u201cNunca tive uma rela\u00e7\u00e3o com Epstein ou com a sua c\u00famplice Maxwell\u201d, declarou nesta quinta-feira a primeira-dama dos Estados Unidos, <a href=\"http:\/\/www.publico.pt\/melania-trump\" target=\"_self\" rel=\"nofollow noopener\">Melania Trump<\/a>, numa rara confer\u00eancia de imprensa na Casa Branca. \u201cAs mentiras que me relacionam com o infame Jeffrey Epstein t\u00eam de acabar hoje.\u201d<\/p>\n<p>\u201cN\u00e3o sou uma v\u00edtima de Epstein. Epstein n\u00e3o me apresentou a <a href=\"http:\/\/www.publico.pt\/donald-trump\" target=\"_self\" rel=\"nofollow noopener\">Donald Trump<\/a>. Conheci o meu marido, por um acaso, numa festa em Nova Iorque em 1998\u201d; afirmou.<\/p>\n<p>\u201cNunca tive qualquer conhecimento dos abusos de Epstein \u00e0s suas v\u00edtimas. Nunca estive envolvida em qualquer capacidade. N\u00e3o fui uma participante\u201d, acrescentou.<\/p>\n<p>N\u00e3o \u00e9 claro o que ter\u00e1 levado a primeira-dama dos EUA a pronunciar-se agora sobre o caso, nem se a declara\u00e7\u00e3o ter\u00e1 tido um car\u00e1cter preventivo em rela\u00e7\u00e3o a qualquer investiga\u00e7\u00e3o jornal\u00edstica em curso. Melania referiu \u201cnumerosas imagens e declara\u00e7\u00f5es falsas\u201d sobre si e Epstein que \u201ct\u00eam estado a circular nas redes sociais h\u00e1 anos\u201d, e criticou indiv\u00edduos \u201csem padr\u00f5es \u00e9ticos, humildade ou respeito\u201d, sem os nomear, mas sugerindo alegados motivos pol\u00edticos ou financeiros. Mencionou apenas not\u00edcias sobre si que foram desmentidas no passado.<\/p>\n<p>H\u00e1 contactos documentados publicamente entre o <a href=\"https:\/\/www.publico.pt\/2026\/02\/25\/mundo\/noticia\/epstein-justica-ocultou-documentos-trump-congresso-interroga-casal-clinton-2166052\" target=\"_self\" rel=\"nofollow noopener\">casal Trump<\/a> e o falecido abusador sexual em s\u00e9rie <a href=\"http:\/\/www.publico.pt\/jeffrey-epstein\" target=\"_self\" rel=\"nofollow noopener\">Jeffrey Epstein<\/a>, que foi um influente gestor financeiro em Nova Iorque, e que Melania reconheceu na declara\u00e7\u00e3o desta quinta-feira.<\/p>\n<p>\u201cA primeira vez que cruzei caminhos com Epstein foi no ano 2000, num evento em que Donald e eu estivemos juntos. Na altura, eu n\u00e3o tinha conhecido Epstein e n\u00e3o tinha qualquer conhecimento dos seus crimes\u201d, afirmou, admitindo ter estado noutros eventos sociais posteriores que Epstein tamb\u00e9m frequentou.<\/p>\n<p>A primeira-dama reconheceu ainda um email trocado com Ghislaine Maxwell, em 2002, que consta do <a href=\"https:\/\/www.publico.pt\/2026\/03\/05\/mundo\/noticia\/ha-47-mil-ficheiros-caso-epstein-retidos-administracao-trump-2166909\" target=\"_self\" rel=\"nofollow noopener\">processo Epstein<\/a>, mas sem qualquer car\u00e1cter comprometedor imediatamente evidente. \u201cO meu email de resposta a Maxwell n\u00e3o pode ser categorizado de outro modo que n\u00e3o como correspond\u00eancia casual. A minha resposta educada ao seu email n\u00e3o \u00e9 mais do que uma nota trivial\u201d, defendeu.<\/p>\n<p>Melania instou ainda o Congresso a prosseguir com as investiga\u00e7\u00f5es ao esc\u00e2ndalo de abusos sexuais. \u201cEpstein n\u00e3o agiu sozinho\u201d, afirmou, apelando ao Congresso para \u201cdisponibilizar \u00e0s mulheres que foram vitimizadas por Epstein uma audi\u00e7\u00e3o p\u00fablica especificamente centrada nas sobreviventes\u201d.<\/p>\n<p>A afirma\u00e7\u00e3o contraria uma estrat\u00e9gia de quase um ano da administra\u00e7\u00e3o republicana para desvalorizar o caso Epstein, que tinha entretanto sa\u00eddo do primeiro plano medi\u00e1tico devido \u00e0 guerra no Ir\u00e3o. O Presidente Trump, refere a MS Now (antiga MSNBC), n\u00e3o estava a par do conte\u00fado da declara\u00e7\u00e3o feita esta noite pela primeira-dama.<\/p>\n<p>Nem Melania, nem Donald Trump foram formalmente declarados suspeitos de qualquer crime no \u00e2mbito do caso Epstein, apesar de numerosas refer\u00eancias ao actual Presidente no processo.<\/p>\n","protected":false},"excerpt":{"rendered":"\u201cNunca tive uma rela\u00e7\u00e3o com Epstein ou com a sua c\u00famplice Maxwell\u201d, declarou nesta quinta-feira a primeira-dama dos&hellip;\n","protected":false},"author":2,"featured_media":337541,"comment_status":"","ping_status":"","sticky":false,"template":"","format":"standard","meta":{"footnotes":"","_share_on_mastodon":"0"},"categories":[50],"tags":[2948,27,28,211,92,413,15,16,14,708,583,25,26,21,22,10136,62,12,13,19,20,23,24,17,18,29,30,31,63,64,65],"class_list":["post-337540","post","type-post","status-publish","format-standard","has-post-thumbnail","category-mundo","tag-abusos-sexuais","tag-breaking-news","tag-breakingnews","tag-celebridades","tag-donald-trump","tag-eua","tag-featured-news","tag-featurednews","tag-headlines","tag-impar","tag-jeffrey-epstein","tag-latest-news","tag-latestnews","tag-main-news","tag-mainnews","tag-melania-trump","tag-mundo","tag-news","tag-noticias","tag-noticias-principais","tag-noticiasprincipais","tag-principais-noticias","tag-principaisnoticias","tag-top-stories","tag-topstories","tag-ultimas","tag-ultimas-noticias","tag-ultimasnoticias","tag-world","tag-world-news","tag-worldnews"],"share_on_mastodon":{"url":"","error":"Validation failed: Text character limit of 500 exceeded"},"_links":{"self":[{"href":"https:\/\/www.europesays.com\/pt\/wp-json\/wp\/v2\/posts\/337540","targetHints":{"allow":["GET"]}}],"collection":[{"href":"https:\/\/www.europesays.com\/pt\/wp-json\/wp\/v2\/posts"}],"about":[{"href":"https:\/\/www.europesays.com\/pt\/wp-json\/wp\/v2\/types\/post"}],"author":[{"embeddable":true,"href":"https:\/\/www.europesays.com\/pt\/wp-json\/wp\/v2\/users\/2"}],"replies":[{"embeddable":true,"href":"https:\/\/www.europesays.com\/pt\/wp-json\/wp\/v2\/comments?post=337540"}],"version-history":[{"count":0,"href":"https:\/\/www.europesays.com\/pt\/wp-json\/wp\/v2\/posts\/337540\/revisions"}],"wp:featuredmedia":[{"embeddable":true,"href":"https:\/\/www.europesays.com\/pt\/wp-json\/wp\/v2\/media\/337541"}],"wp:attachment":[{"href":"https:\/\/www.europesays.com\/pt\/wp-json\/wp\/v2\/media?parent=337540"}],"wp:term":[{"taxonomy":"category","embeddable":true,"href":"https:\/\/www.europesays.com\/pt\/wp-json\/wp\/v2\/categories?post=337540"},{"taxonomy":"post_tag","embeddable":true,"href":"https:\/\/www.europesays.com\/pt\/wp-json\/wp\/v2\/tags?post=337540"}],"curies":[{"name":"wp","href":"https:\/\/api.w.org\/{rel}","templated":true}]}}