{"id":33777,"date":"2025-08-17T23:48:15","date_gmt":"2025-08-17T23:48:15","guid":{"rendered":"https:\/\/www.europesays.com\/pt\/33777\/"},"modified":"2025-08-17T23:48:15","modified_gmt":"2025-08-17T23:48:15","slug":"whatsapp-deixa-de-funcionar-para-esta-extensa-lista-de-telemoveis","status":"publish","type":"post","link":"https:\/\/www.europesays.com\/pt\/33777\/","title":{"rendered":"WhatsApp deixa de funcionar para esta extensa lista de telem\u00f3veis"},"content":{"rendered":"<p>&#13;<br \/>\n\t\t\t\t Users: 285&#13;\n\t\t\t<\/p>\n<p><strong>WhatsApp vai deixar de funcionar em telem\u00f3veis antigos. Por isso, confirma se tens um destes modelos para continuar a usar a app.<\/strong><\/p>\n<p>O WhatsApp, a aplica\u00e7\u00e3o de mensagens mais usada em Portugal e no mundo, vai deixar de funcionar em v\u00e1rios <a href=\"https:\/\/www.magazine-hd.com\/apps\/wp\/whatsapp-lanca-nova-funcionalidade-desejada-comando-voz\/\" target=\"_blank\" rel=\"noopener nofollow\">telem\u00f3veis<\/a> antigos. A decis\u00e3o foi confirmada pela pr\u00f3pria Meta, empresa dona da plataforma, atrav\u00e9s do site oficial de suporte.<\/p>\n<p>Todos os anos, o WhatsApp faz uma revis\u00e3o da lista de sistemas operativos e <a href=\"https:\/\/www.magazine-hd.com\/apps\/wp\/ofertas-emprego-falsas-whatsapp-aumentam-portugal-burla-scam\/\" target=\"_blank\" rel=\"noopener nofollow\">modelos<\/a> que j\u00e1 n\u00e3o conseguem acompanhar as exig\u00eancias de <a href=\"https:\/\/www.magazine-hd.com\/apps\/wp\/meta-introduz-ferramenta-seguranca-chave-utilizadores-whatsapp\/\" target=\"_blank\" rel=\"noopener nofollow\">seguran\u00e7a<\/a> e desempenho da aplica\u00e7\u00e3o. Agora chegou a vez de mais alguns smartphones ficarem para tr\u00e1s.<\/p>\n<p><a class=\"gcc-anchor\" id=\"1\"\/><br \/>\nPorque \u00e9 que o WhatsApp deixa de funcionar em alguns telem\u00f3veis?<br \/>\n<img loading=\"lazy\" decoding=\"async\" class=\"size-full wp-image-597076\" src=\"data:image\/svg+xml,%3Csvg%20xmlns=\" http:=\"\" alt=\"Smartphone Google Drive\" width=\"728\" height=\"385\" data-lazy- data-lazy- data-lazy-src=\"https:\/\/www.europesays.com\/pt\/wp-content\/uploads\/2025\/08\/smartphone-aplicacoes.jpg\"\/>Foto de PhotoMIX Company, via Pexels<\/p>\n<p>O motivo \u00e9 simples: seguran\u00e7a e <a href=\"https:\/\/www.magazine-hd.com\/apps\/wp\/whatsapp-nova-funcionalidade-foto-perfil-facebook-instagram\/\" target=\"_blank\" rel=\"noopener nofollow\">desempenho<\/a>. Os sistemas operativos mais antigos deixam de receber atualiza\u00e7\u00f5es, ficando vulner\u00e1veis a ataques e sem capacidade para suportar novas funcionalidades. Para a Meta, continuar a dar suporte a dispositivos obsoletos implica comprometer a estabilidade e a inova\u00e7\u00e3o do servi\u00e7o.<\/p>\n<p><\/p>\n<p>Assim, ao deixar de funcionar em <a href=\"https:\/\/www.magazine-hd.com\/apps\/wp\/whatsapp-funcionalidade-perfeita-lembrete-chamadas-perdidas\/\" target=\"_blank\" rel=\"noopener nofollow\">vers\u00f5es<\/a> antigas de Android e iOS, o WhatsApp consegue concentrar recursos em melhorar a app para utilizadores com sistemas mais recentes.<\/p>\n<p><a class=\"gcc-anchor\" id=\"2\"\/><br \/>\nQuais s\u00e3o as vers\u00f5es que v\u00e3o deixar usar a app?<br \/>\n<img loading=\"lazy\" decoding=\"async\" class=\"size-full wp-image-673716\" src=\"data:image\/svg+xml,%3Csvg%20xmlns=\" http:=\"\" alt=\"WhatsApp Meta\" width=\"728\" height=\"385\" data-lazy- data-lazy- data-lazy-src=\"https:\/\/www.europesays.com\/pt\/wp-content\/uploads\/2025\/08\/whatsapp-bloqueado.webp.webp\"\/>\u00a9 omerfarukguler via ShutterStock (ID: 2143927169)<\/p>\n<p>A partir de 5 de maio de 2025, apenas os telem\u00f3veis com Android 5.0 ou superior e iOS 15.1 ou posterior poder\u00e3o continuar a usar o WhatsApp.<\/p>\n<p>Isto significa que quem tiver um <a href=\"https:\/\/www.magazine-hd.com\/apps\/wp\/whatsapp-importante-funcionalidade-desconhecida-modo-aviao\/\" target=\"_blank\" rel=\"noopener nofollow\">telem\u00f3vel<\/a> com uma vers\u00e3o mais antiga destes <a href=\"https:\/\/www.magazine-hd.com\/apps\/wp\/whatsapp-lanca-app-pedida-utilizadores-ipad\/\" target=\"_blank\" rel=\"noopener nofollow\">sistemas<\/a> operativos vai deixar de conseguir enviar mensagens, fazer chamadas ou aceder \u00e0 app.<\/p>\n<p>Entre os modelos da <a href=\"https:\/\/www.magazine-hd.com\/apps\/wp\/ios-18-funcionalidades-truques-transforma-iphone-novo\/\" target=\"_blank\" rel=\"noopener nofollow\">Apple<\/a> e Android que deixam de ser compat\u00edveis est\u00e3o:<\/p>\n<ul>\n<li>iPhone 5s;<\/li>\n<li>iPhone 6;<\/li>\n<li>iPhone 6 Plus;<\/li>\n<li>Samsung Galaxy S4;<\/li>\n<li>Samsung Galaxy Note 3;<\/li>\n<li>Sony Xperia Z1;<\/li>\n<li>LG G2;<\/li>\n<li>Huawei Ascend P6;<\/li>\n<li>Motorola Moto G (1\u00aa gera\u00e7\u00e3o);<\/li>\n<li>HTC One X.<\/li>\n<\/ul>\n<p>J\u00e1 os iPhone 6s, 6s Plus e o iPhone SE (1\u00aa gera\u00e7\u00e3o) ainda continuam a funcionar, porque podem ser atualizados at\u00e9 ao iOS 15.1. Da mesma forma, qualquer outro telem\u00f3vel com Android 5.0 ou inferior tamb\u00e9m ficar\u00e1 fora da lista de dispositivos compat\u00edveis.<\/p>\n<p><a class=\"gcc-anchor\" id=\"3\"\/><br \/>\nComo podes confirmar se o teu telem\u00f3vel vai perder acesso ao WhatsApp?<br \/>\n<img loading=\"lazy\" decoding=\"async\" class=\"size-full wp-image-633980\" src=\"data:image\/svg+xml,%3Csvg%20xmlns=\" http:=\"\" alt=\"whatsapp\" width=\"728\" height=\"385\" data-lazy- data-lazy- data-lazy-src=\"https:\/\/www.europesays.com\/pt\/wp-content\/uploads\/2025\/08\/whatsapp-iphone.jpg\"\/>Cr\u00e9dito editorial: DenPhotos \/ Shutterstock.com<\/p>\n<p>\u00c9 simples verificar a vers\u00e3o do sistema operativo:<\/p>\n<ul>\n<li>No iPhone: ir a Defini\u00e7\u00f5es &gt; Geral &gt; Informa\u00e7\u00e3o &gt; Vers\u00e3o do <a href=\"https:\/\/www.magazine-hd.com\/apps\/wp\/app-store-apple-melhor-jogo-gratis-puzzle-ios\/\" target=\"_blank\" rel=\"noopener nofollow\">iOS<\/a>;<\/li>\n<li>No Android: ir a Defini\u00e7\u00f5es &gt; Acerca do telefone &gt; Vers\u00e3o do <a href=\"https:\/\/www.magazine-hd.com\/apps\/wp\/google-play-melhor-jogo-gratis-corridas-android\/\" target=\"_blank\" rel=\"noopener nofollow\">Android<\/a>.<\/li>\n<\/ul>\n<p>Antes de mais, deve-se verificar se existe alguma atualiza\u00e7\u00e3o de sistema dispon\u00edvel para o telem\u00f3vel. Dado que, em alguns casos, uma simples atualiza\u00e7\u00e3o pode resolver o problema.<\/p>\n<p>Ou seja, se n\u00e3o for poss\u00edvel atualizar, a \u00fanica solu\u00e7\u00e3o \u00e9 trocar de smartphone. Atualmente, j\u00e1 existem no mercado v\u00e1rios modelos acess\u00edveis, compat\u00edveis com as vers\u00f5es mais recentes de Android e iOS, que garantem suporte ao WhatsApp por muitos anos.<\/p>\n<p>Assim sendo, se ainda usas um destes dispositivos, prepara-te: em breve vais deixar de conseguir aceder \u00e0 aplica\u00e7\u00e3o. Para continuares a usar o WhatsApp sem problemas, \u00e9 essencial atualizar o sistema operativo ou considerar a compra de um novo telem\u00f3vel.<\/p>\n<p><strong>Tens algum destes modelos?<\/strong><\/p>\n<p>\t\tTamb\u00e9m do teu Interesse:<\/p>\n<p>\n        About The Author<\/p>\n<p>                <a href=\"https:\/\/www.magazine-hd.com\/apps\/wp\/author\/dpassos\/\" rel=\"nofollow noopener\" target=\"_blank\"><img loading=\"lazy\" decoding=\"async\" width=\"150\" height=\"150\" src=\"data:image\/svg+xml,%3Csvg%20xmlns=\" http:=\"\" class=\"avatar avatar-150 photo\" alt=\"\" data-lazy- data-lazy- data-lazy-src=\"https:\/\/www.europesays.com\/pt\/wp-content\/uploads\/2025\/07\/dp-150x150.jpg\"\/><\/a><\/p>\n<p>                    <a href=\"https:\/\/www.magazine-hd.com\/apps\/wp\/author\/dpassos\/\" rel=\"nofollow noopener\" target=\"_blank\">David Passos<\/a><\/p>\n<p>Licenciado em Antropologia, Mestre em Gest\u00e3o da Cultural pelo ISCTE-IUL, e P\u00f3s-graduado em Estudos Visuais: Fotografia e P\u00f3s-Cinema na FCSH. \u00c9 fot\u00f3grafo e cineasta, tendo estreado a sua segunda curta-metragem, \u201cTraz Chuva\u201d, no Cinema S\u00e3o Jorge, em Lisboa. Faz parte da MHD desde 2022, sendo atualmente redator e Coordenador de M\u00fasica. Tem interesse numa grande variedade de assuntos, desde m\u00fasica, a gaming, cinema, literatura e televis\u00e3o. Especialista em LEGO e Senhor dos An\u00e9is.<\/p>\n<p>\t\t<\/p>\n","protected":false},"excerpt":{"rendered":"&#13; Users: 285&#13; WhatsApp vai deixar de funcionar em telem\u00f3veis antigos. Por isso, confirma se tens um destes&hellip;\n","protected":false},"author":2,"featured_media":33778,"comment_status":"","ping_status":"","sticky":false,"template":"","format":"standard","meta":{"footnotes":""},"categories":[84],"tags":[3877,109,107,108,10757,10758,8010,249,10759,2744,32,33,952,105,103,104,106,110,894],"class_list":{"0":"post-33777","1":"post","2":"type-post","3":"status-publish","4":"format-standard","5":"has-post-thumbnail","7":"category-ciencia-e-tecnologia","8":"tag-app","9":"tag-ciencia","10":"tag-ciencia-e-tecnologia","11":"tag-cienciaetecnologia","12":"tag-compativel","13":"tag-htc","14":"tag-huawei","15":"tag-iphone","16":"tag-lg","17":"tag-motorola","18":"tag-portugal","19":"tag-pt","20":"tag-samsung","21":"tag-science","22":"tag-science-and-technology","23":"tag-scienceandtechnology","24":"tag-technology","25":"tag-tecnologia","26":"tag-whatsapp"},"share_on_mastodon":{"url":"","error":""},"_links":{"self":[{"href":"https:\/\/www.europesays.com\/pt\/wp-json\/wp\/v2\/posts\/33777","targetHints":{"allow":["GET"]}}],"collection":[{"href":"https:\/\/www.europesays.com\/pt\/wp-json\/wp\/v2\/posts"}],"about":[{"href":"https:\/\/www.europesays.com\/pt\/wp-json\/wp\/v2\/types\/post"}],"author":[{"embeddable":true,"href":"https:\/\/www.europesays.com\/pt\/wp-json\/wp\/v2\/users\/2"}],"replies":[{"embeddable":true,"href":"https:\/\/www.europesays.com\/pt\/wp-json\/wp\/v2\/comments?post=33777"}],"version-history":[{"count":0,"href":"https:\/\/www.europesays.com\/pt\/wp-json\/wp\/v2\/posts\/33777\/revisions"}],"wp:featuredmedia":[{"embeddable":true,"href":"https:\/\/www.europesays.com\/pt\/wp-json\/wp\/v2\/media\/33778"}],"wp:attachment":[{"href":"https:\/\/www.europesays.com\/pt\/wp-json\/wp\/v2\/media?parent=33777"}],"wp:term":[{"taxonomy":"category","embeddable":true,"href":"https:\/\/www.europesays.com\/pt\/wp-json\/wp\/v2\/categories?post=33777"},{"taxonomy":"post_tag","embeddable":true,"href":"https:\/\/www.europesays.com\/pt\/wp-json\/wp\/v2\/tags?post=33777"}],"curies":[{"name":"wp","href":"https:\/\/api.w.org\/{rel}","templated":true}]}}